{"id":9062,"date":"2024-08-25T22:09:27","date_gmt":"2024-08-25T20:09:27","guid":{"rendered":"https:\/\/www.farakostolna.sk\/?p=9062"},"modified":"2024-08-27T09:44:51","modified_gmt":"2024-08-27T07:44:51","slug":"farske-oznamy-a-zamyslenie-24-08-2024","status":"publish","type":"post","link":"https:\/\/www.farakostolna.sk\/?p=9062","title":{"rendered":"Farsk\u00e9 oznamy a zamyslenie (24.08.2024)"},"content":{"rendered":"\n<figure class=\"wp-block-image size-large\"><img loading=\"lazy\" decoding=\"async\" width=\"1024\" height=\"535\" src=\"https:\/\/www.farakostolna.sk\/wp-content\/uploads\/2024\/08\/456485601_1682771632482595_5617329673845315994_n-1024x535.jpg\" alt=\"\" class=\"wp-image-9063\" srcset=\"https:\/\/www.farakostolna.sk\/wp-content\/uploads\/2024\/08\/456485601_1682771632482595_5617329673845315994_n-1024x535.jpg 1024w, https:\/\/www.farakostolna.sk\/wp-content\/uploads\/2024\/08\/456485601_1682771632482595_5617329673845315994_n-300x157.jpg 300w, https:\/\/www.farakostolna.sk\/wp-content\/uploads\/2024\/08\/456485601_1682771632482595_5617329673845315994_n-768x401.jpg 768w, https:\/\/www.farakostolna.sk\/wp-content\/uploads\/2024\/08\/456485601_1682771632482595_5617329673845315994_n.jpg 1200w\" sizes=\"auto, (max-width: 1024px) 100vw, 1024px\" \/><\/figure>\n\n\n\n<p><\/p>\n\n\n\n<p>Duch a \u017eivot s\u00fa od Je\u017ei\u0161a. Telo a smr\u0165 n\u00e1m n\u00faka tento svet. \u010co si naozaj vyber\u00e1me? Nie slovami, ale skutkami.<\/p>\n\n\n\n<!--more-->\n\n\n\n<p><strong>Sv\u00e4t\u00e9 om\u0161e u n\u00e1s:<\/strong><\/p>\n\n\n\n<p><strong>sobota \u2013 24. augusta (s nede\u013enou platnos\u0165ou)<\/strong><\/p>\n\n\n\n<ul class=\"wp-block-list\">\n<li><strong>17:00 \u2013 Hrub\u00e1 Bor\u0161a (slov.\/ma\u010f.)<\/strong><\/li>\n\n\n\n<li><strong>18:00 \u2013 Kostoln\u00e1 (slov.)<\/strong><\/li>\n<\/ul>\n\n\n\n<p><strong>nede\u013ea \u2013 25. augusta<\/strong><\/p>\n\n\n\n<ul class=\"wp-block-list\">\n<li><strong>8:00 \u2013 Hrub\u00fd \u0160\u00far (ma\u010f.)<\/strong><\/li>\n\n\n\n<li><strong>9:30 \u2013 Kostoln\u00e1 (ma\u010f.)<\/strong><\/li>\n\n\n\n<li><strong>11:00 \u2013 Kostoln\u00e1 (slov.)<\/strong><\/li>\n<\/ul>\n\n\n\n<p>Spoveda\u0165 budem tento t\u00fd\u017ede\u0148 v Kostolnej v utorok od 17:00 do 18:00 a v piatok od 16:00 do 17:00 pod pr\u00edstre\u0161kom na farskom dvore. V tom \u010dase bude v kostole ador\u00e1cia.<\/p>\n\n\n\n<p><strong>O t\u00fd\u017ede\u0148 v nede\u013eu 1. septembra budeme ma\u0165 tzv. \u201cVeni Sancte\u201d, to znamen\u00e1, \u017ee sa budeme modli\u0165 k Duchu Sv\u00e4t\u00e9mu o jeho dary pre na\u0161ich \u017eiakov, \u0161tudentov, pedag\u00f3gov i rodi\u010dov. Na v\u0161etk\u00fdch troch sv\u00e4t\u00fdch om\u0161iach (8:00, 9:30 a 11:00) budem po\u017eehn\u00e1va\u0165 \u0161kolsk\u00e9 ta\u0161ky.<\/strong> O 11:00 bude tzv. \u201crodinn\u00e1\u201d sv\u00e4t\u00e1 om\u0161a. Poz\u00fdvame v\u0161etky deti spolu s rodi\u010dmi. Av\u0161ak u\u017e aj teraz o 11:00 n\u00e1s \u010dak\u00e1 kr\u00e1sna, spev\u00e1cky viachlasne doprev\u00e1dzan\u00e1 sv\u00e4t\u00e1 om\u0161a.<\/p>\n\n\n\n<p>O t\u00fd\u017ede\u0148 \u2013 <strong>v sobotu 31. augusta o 10:00<\/strong> \u2013 sa uskuto\u010dn\u00ed <strong>blahore\u010denie J\u00e1na Havl\u00edka v \u0160a\u0161t\u00edne<\/strong>. V\u0161etci sme pozvan\u00ed! Autobus z Kostolnej p\u00f4jde 7:30 od kostola, \u0161of\u00e9rom bude p\u00e1n far\u00e1r z Ve\u013ek\u00e9ho Bielu. Cena 10 \u20ac na osobu, prihlasujte sa v sakristii.<\/p>\n\n\n\n<p>\u010eal\u0161\u00ed oznam v r\u00e1mci na\u0161ej diec\u00e9zy:<\/p>\n\n\n\n<ul class=\"wp-block-list\">\n<li>V d\u0148och 13. a 14. septembra 2024 sa uskuto\u010dn\u00ed u\u017e druh\u00fd ro\u010dn\u00edk jedine\u010dn\u00e9ho ve\u013etrhu SACROEXPO Slovakia 2024, ktor\u00fd sa bude kona\u0165 v priestoroch Incheba Expo Bratislava. SACROEXPO je ve\u013etrh zameran\u00fd na prezent\u00e1ciu produktov a slu\u017eieb pre cirkvi, farnosti a veriacich. Toto podujatie poskytuje okrem in\u00e9ho mo\u017enos\u0165 objavi\u0165 \u0161irok\u00fa \u0161k\u00e1lu produktov vr\u00e1tane liturgick\u00fdch predmetov, n\u00e1bo\u017eensk\u00fdch kn\u00edh, hudobn\u00fdch n\u00e1strojov, \u010di umeleck\u00fdch diel. V\u0161etci sme pozvan\u00ed.<\/li>\n<\/ul>\n\n\n\n<p>S \u00factou,<br>Pavol Gajdo\u0161, v\u00e1\u0161 far\u00e1r<\/p>\n","protected":false},"excerpt":{"rendered":"<p>Duch a \u017eivot s\u00fa od Je\u017ei\u0161a. Telo a smr\u0165 n\u00e1m n\u00faka tento svet. \u010co si naozaj vyber\u00e1me? Nie slovami, ale skutkami.<\/p>\n","protected":false},"author":1,"featured_media":9063,"comment_status":"closed","ping_status":"closed","sticky":false,"template":"","format":"standard","meta":{"footnotes":""},"categories":[13],"tags":[],"class_list":{"0":"entry","1":"post","2":"publish","3":"author-marian-jasenoveceltras-sk","4":"has-more-link","5":"post-9062","7":"format-standard","8":"has-post-thumbnail","9":"category-oznamy"},"_links":{"self":[{"href":"https:\/\/www.farakostolna.sk\/index.php?rest_route=\/wp\/v2\/posts\/9062","targetHints":{"allow":["GET"]}}],"collection":[{"href":"https:\/\/www.farakostolna.sk\/index.php?rest_route=\/wp\/v2\/posts"}],"about":[{"href":"https:\/\/www.farakostolna.sk\/index.php?rest_route=\/wp\/v2\/types\/post"}],"author":[{"embeddable":true,"href":"https:\/\/www.farakostolna.sk\/index.php?rest_route=\/wp\/v2\/users\/1"}],"replies":[{"embeddable":true,"href":"https:\/\/www.farakostolna.sk\/index.php?rest_route=%2Fwp%2Fv2%2Fcomments&post=9062"}],"version-history":[{"count":3,"href":"https:\/\/www.farakostolna.sk\/index.php?rest_route=\/wp\/v2\/posts\/9062\/revisions"}],"predecessor-version":[{"id":9073,"href":"https:\/\/www.farakostolna.sk\/index.php?rest_route=\/wp\/v2\/posts\/9062\/revisions\/9073"}],"wp:featuredmedia":[{"embeddable":true,"href":"https:\/\/www.farakostolna.sk\/index.php?rest_route=\/wp\/v2\/media\/9063"}],"wp:attachment":[{"href":"https:\/\/www.farakostolna.sk\/index.php?rest_route=%2Fwp%2Fv2%2Fmedia&parent=9062"}],"wp:term":[{"taxonomy":"category","embeddable":true,"href":"https:\/\/www.farakostolna.sk\/index.php?rest_route=%2Fwp%2Fv2%2Fcategories&post=9062"},{"taxonomy":"post_tag","embeddable":true,"href":"https:\/\/www.farakostolna.sk\/index.php?rest_route=%2Fwp%2Fv2%2Ftags&post=9062"}],"curies":[{"name":"wp","href":"https:\/\/api.w.org\/{rel}","templated":true}]}}