{"id":9053,"date":"2024-08-25T22:06:07","date_gmt":"2024-08-25T20:06:07","guid":{"rendered":"https:\/\/www.farakostolna.sk\/?p=9053"},"modified":"2024-08-27T10:06:07","modified_gmt":"2024-08-27T08:06:07","slug":"farske-oznamy-a-zamyslenie-18-08-2024","status":"publish","type":"post","link":"https:\/\/www.farakostolna.sk\/?p=9053","title":{"rendered":"Farsk\u00e9 oznamy a zamyslenie (18.08.2024)"},"content":{"rendered":"<div class=\"wp-block-image\">\n<figure class=\"aligncenter size-large\"><img loading=\"lazy\" decoding=\"async\" width=\"1024\" height=\"585\" src=\"https:\/\/www.farakostolna.sk\/wp-content\/uploads\/2024\/08\/455857714_1677468423012916_1675452395808555837_n-1024x585.jpg\" alt=\"\" class=\"wp-image-9054\" srcset=\"https:\/\/www.farakostolna.sk\/wp-content\/uploads\/2024\/08\/455857714_1677468423012916_1675452395808555837_n-1024x585.jpg 1024w, https:\/\/www.farakostolna.sk\/wp-content\/uploads\/2024\/08\/455857714_1677468423012916_1675452395808555837_n-300x171.jpg 300w, https:\/\/www.farakostolna.sk\/wp-content\/uploads\/2024\/08\/455857714_1677468423012916_1675452395808555837_n-768x438.jpg 768w, https:\/\/www.farakostolna.sk\/wp-content\/uploads\/2024\/08\/455857714_1677468423012916_1675452395808555837_n.jpg 1200w\" sizes=\"auto, (max-width: 1024px) 100vw, 1024px\" \/><\/figure>\n<\/div>\n\n\n<p><\/p>\n\n\n\n<p>V nejednej rozpr\u00e1vke sa vyskytuje z\u00e1zra\u010dn\u00fd elix\u00edr \u017eivota, n\u00e1poj l\u00e1sky,\u2026 Kto by net\u00fa\u017eil ma\u0165 tak\u00fa moc? Ale ve\u010f s\u00e1m Je\u017ei\u0161 je t\u00fdm elix\u00edrom \u017eivota a n\u00e1pojom l\u00e1sky. Sta\u010d\u00ed tak m\u00e1lo a m\u00e1me ho na dosah. Naozaj v\u0161ak po \u0147om t\u00fa\u017eime?<\/p>\n\n\n\n<!--more-->\n\n\n\n<p><strong>Sv\u00e4t\u00e9 om\u0161e u n\u00e1s:<\/strong><\/p>\n\n\n\n<p><strong>sobota \u2013 17. augusta (s nede\u013enou platnos\u0165ou)<\/strong><\/p>\n\n\n\n<ul class=\"wp-block-list\">\n<li><strong>17:00 \u2013 Hrub\u00e1 Bor\u0161a (slov.\/ma\u010f.)<\/strong><\/li>\n\n\n\n<li><strong>18:00 \u2013 Kostoln\u00e1 (slov.)<\/strong><\/li>\n<\/ul>\n\n\n\n<p><strong>nede\u013ea \u2013 18. augusta<\/strong><\/p>\n\n\n\n<ul class=\"wp-block-list\">\n<li><strong>8:00 \u2013 Hrub\u00fd \u0160\u00far (ma\u010f.)<\/strong><\/li>\n\n\n\n<li><strong>9:30 \u2013 Kostoln\u00e1 (ma\u010f.)<\/strong><\/li>\n\n\n\n<li><strong>11:00 \u2013 Kostoln\u00e1 (slov.)<\/strong><\/li>\n<\/ul>\n\n\n\n<p>Spoveda\u0165 budem tento t\u00fd\u017ede\u0148 v Kostolnej v stredu a vo \u0161tvrtok od 17:00 do 18:00 a v piatok od 16:00 do 17:00 pod pr\u00edstre\u0161kom na farskom dvore. V tom \u010dase bude v kostole ador\u00e1cia.<\/p>\n\n\n\n<p>V tento utorok \u2013 20. augusta \u2013 ideme s ma\u010farsky hovoriacimi veriacimi na sl\u00e1vnostn\u00fa sv\u00e4t\u00fa om\u0161u o 18:00 do Katedr\u00e1ly sv\u00e4t\u00e9ho Martina v Bratislave. Odchod autobusom bude 16:30 z Kostolnej a 16:35 z Hrub\u00e9ho \u0160\u00faru. Cestovn\u00e9 je 10 \u20ac.<\/p>\n\n\n\n<p><strong>O dva t\u00fd\u017edne \u2013 v sobotu 31. augusta o 10:00 \u2013 sa uskuto\u010dn\u00ed blahore\u010denie J\u00e1na Havl\u00edka v \u0160a\u0161t\u00edne. V\u0161etci sme pozvan\u00ed!<\/strong><\/p>\n\n\n\n<p>Tento v\u00edkend je pravideln\u00e1 mesa\u010dn\u00e1 zbierka na kostol a prev\u00e1dzkov\u00e9 n\u00e1klady farnosti. Vopred \u010fakujem.<\/p>\n\n\n\n<p>O t\u00fd\u017ede\u0148 m\u00e1me v Kostolnej obecn\u00e9 dni. Pr\u00edjmime ponuku pripraven\u00e9ho bohat\u00e9ho programu.<\/p>\n\n\n\n<p>\u010eal\u0161ie aktu\u00e1lne oznamy v r\u00e1mci na\u0161ej diec\u00e9zy:<\/p>\n\n\n\n<ul class=\"wp-block-list\">\n<li>Na Slovensko pr\u00eddu \u0161tyria mlad\u00ed \u013eudia z hnutia X-out loud, ktor\u00ed kedysi \u017eili ako homosexu\u00e1li. Zmena v ich \u017eivotoch nastala, ke\u010f sa ich dotkol Boh. Chc\u00fa sa \u013eu\u010fom prihovori\u0165 so svojimi pr\u00edbehmi, v ktor\u00fdch sved\u010dia o Bo\u017eej moci a L\u00e1ske a taktie\u017e sa modlia za \u013eud\u00ed, ktor\u00ed o to maj\u00fa z\u00e1ujem. Chceli by sme v\u00e1m, va\u0161im birmovancom a mlad\u00fdm pon\u00faknu\u0165 stretnutie s nimi, ktor\u00e9 sa uskuto\u010dn\u00ed d\u0148a 14. septembra 2024 o 9:00 hod. v \u0161kole De la Salle v Ra\u010di. Poz\u00fdvame teda v\u0161etk\u00fdch va\u0161ich birmovancov, ale aj ostatn\u00fdch mlad\u00fdch \u013eud\u00ed. Vieme, \u017ee t\u00e1to problematika sa t\u00fdka aj na\u0161ej Cirkvi a my by sme chceli by\u0165 tro\u0161ku n\u00e1pomocn\u00ed.<\/li>\n<\/ul>\n\n\n\n<ul class=\"wp-block-list\">\n<li>R\u00edmskokatol\u00edcka bohosloveck\u00e1 fakulta UK v Bratislave otv\u00e1ra pre pedagogick\u00fdch a odborn\u00fdch zamestnancov v bud\u00facom akademickom roku 2024\/25 roz\u0161iruj\u00face \u0161t\u00fadium u\u010dite\u013estva n\u00e1bo\u017eenskej v\u00fdchovy. Dvojro\u010dn\u00e9 \u0161t\u00fadium bude prebieha\u0165 v externej forme a umo\u017en\u00ed z\u00edska\u0165 aprob\u00e1ciu na vyu\u010dovanie predmetu n\u00e1bo\u017eensk\u00e1 v\u00fdchova. Prihlasova\u0165 sa d\u00e1 do konca augusta 2024. Podrobnosti s\u00fa na webovej str\u00e1nke fakulty <a href=\"https:\/\/frcth.uniba.sk\/\" target=\"_blank\" rel=\"noopener\" title=\"www.frcth.uniba.sk\">www.frcth.uniba.sk<\/a>.<\/li>\n<\/ul>\n\n\n\n<p>S \u00factou,<br>Pavol Gajdo\u0161, v\u00e1\u0161 far\u00e1r<\/p>\n","protected":false},"excerpt":{"rendered":"<p>V nejednej rozpr\u00e1vke sa vyskytuje z\u00e1zra\u010dn\u00fd elix\u00edr \u017eivota, n\u00e1poj l\u00e1sky,\u2026 Kto by net\u00fa\u017eil ma\u0165 tak\u00fa moc? Ale ve\u010f s\u00e1m Je\u017ei\u0161 je t\u00fdm elix\u00edrom \u017eivota a n\u00e1pojom l\u00e1sky. Sta\u010d\u00ed tak m\u00e1lo a m\u00e1me ho na dosah. Naozaj v\u0161ak po \u0147om t\u00fa\u017eime?<\/p>\n","protected":false},"author":1,"featured_media":9054,"comment_status":"closed","ping_status":"closed","sticky":false,"template":"","format":"standard","meta":{"footnotes":""},"categories":[13],"tags":[],"class_list":{"0":"entry","1":"post","2":"publish","3":"author-marian-jasenoveceltras-sk","4":"has-more-link","5":"post-9053","7":"format-standard","8":"has-post-thumbnail","9":"category-oznamy"},"_links":{"self":[{"href":"https:\/\/www.farakostolna.sk\/index.php?rest_route=\/wp\/v2\/posts\/9053","targetHints":{"allow":["GET"]}}],"collection":[{"href":"https:\/\/www.farakostolna.sk\/index.php?rest_route=\/wp\/v2\/posts"}],"about":[{"href":"https:\/\/www.farakostolna.sk\/index.php?rest_route=\/wp\/v2\/types\/post"}],"author":[{"embeddable":true,"href":"https:\/\/www.farakostolna.sk\/index.php?rest_route=\/wp\/v2\/users\/1"}],"replies":[{"embeddable":true,"href":"https:\/\/www.farakostolna.sk\/index.php?rest_route=%2Fwp%2Fv2%2Fcomments&post=9053"}],"version-history":[{"count":3,"href":"https:\/\/www.farakostolna.sk\/index.php?rest_route=\/wp\/v2\/posts\/9053\/revisions"}],"predecessor-version":[{"id":9080,"href":"https:\/\/www.farakostolna.sk\/index.php?rest_route=\/wp\/v2\/posts\/9053\/revisions\/9080"}],"wp:featuredmedia":[{"embeddable":true,"href":"https:\/\/www.farakostolna.sk\/index.php?rest_route=\/wp\/v2\/media\/9054"}],"wp:attachment":[{"href":"https:\/\/www.farakostolna.sk\/index.php?rest_route=%2Fwp%2Fv2%2Fmedia&parent=9053"}],"wp:term":[{"taxonomy":"category","embeddable":true,"href":"https:\/\/www.farakostolna.sk\/index.php?rest_route=%2Fwp%2Fv2%2Fcategories&post=9053"},{"taxonomy":"post_tag","embeddable":true,"href":"https:\/\/www.farakostolna.sk\/index.php?rest_route=%2Fwp%2Fv2%2Ftags&post=9053"}],"curies":[{"name":"wp","href":"https:\/\/api.w.org\/{rel}","templated":true}]}}