{"id":9047,"date":"2024-08-25T22:03:38","date_gmt":"2024-08-25T20:03:38","guid":{"rendered":"https:\/\/www.farakostolna.sk\/?p=9047"},"modified":"2024-08-27T10:10:22","modified_gmt":"2024-08-27T08:10:22","slug":"farske-oznamy-a-zamyslenie-11-08-2024","status":"publish","type":"post","link":"https:\/\/www.farakostolna.sk\/?p=9047","title":{"rendered":"Farsk\u00e9 oznamy a zamyslenie (11.08.2024)"},"content":{"rendered":"<div class=\"wp-block-image\">\n<figure class=\"aligncenter size-full\"><img loading=\"lazy\" decoding=\"async\" width=\"540\" height=\"360\" src=\"https:\/\/www.farakostolna.sk\/wp-content\/uploads\/2024\/08\/454755057_1672641073495651_7820758902045678989_n.jpg\" alt=\"\" class=\"wp-image-9048\" srcset=\"https:\/\/www.farakostolna.sk\/wp-content\/uploads\/2024\/08\/454755057_1672641073495651_7820758902045678989_n.jpg 540w, https:\/\/www.farakostolna.sk\/wp-content\/uploads\/2024\/08\/454755057_1672641073495651_7820758902045678989_n-300x200.jpg 300w\" sizes=\"auto, (max-width: 540px) 100vw, 540px\" \/><\/figure>\n<\/div>\n\n\n<p><\/p>\n\n\n\n<p>Eucharistia je jedine\u010dn\u00fdm prepojen\u00edm duchovn\u00e9ho a telesn\u00e9ho sveta. Telesn\u00fd hlad vieme rozl\u00ed\u0161i\u0165 a aj sa nas\u00fdti\u0165. Vn\u00edmame v\u0161ak tie\u017e duchovn\u00fd hlad a vieme ako ho zahna\u0165?<\/p>\n\n\n\n<!--more-->\n\n\n\n<p><strong>Sv\u00e4t\u00e9 om\u0161e u n\u00e1s:<\/strong><\/p>\n\n\n\n<p><strong>sobota \u2013 10. augusta (s nede\u013enou platnos\u0165ou)<\/strong><\/p>\n\n\n\n<ul class=\"wp-block-list\">\n<li><strong>17:00 \u2013 Hrub\u00e1 Bor\u0161a (slov.\/ma\u010f.)<\/strong><\/li>\n\n\n\n<li><strong>18:00 \u2013 Kostoln\u00e1 (slov.)<\/strong><\/li>\n<\/ul>\n\n\n\n<p><strong>nede\u013ea \u2013 11. augusta<\/strong><\/p>\n\n\n\n<ul class=\"wp-block-list\">\n<li><strong>8:00 \u2013 Hrub\u00fd \u0160\u00far (ma\u010f.)<\/strong><\/li>\n\n\n\n<li><strong>9:30 \u2013 Kostoln\u00e1 (ma\u010f.)<\/strong><\/li>\n\n\n\n<li><strong>11:00 \u2013 Kostoln\u00e1 (slov.)<\/strong><\/li>\n<\/ul>\n\n\n\n<p>Spoveda\u0165 budem tento t\u00fd\u017ede\u0148 v Kostolnej v stredu od 17:00 do 18:00 a v piatok od 16:00 do 17:00 pod pr\u00edstre\u0161kom na farskom dvore. V tom \u010dase bude v kostole ador\u00e1cia.<\/p>\n\n\n\n<p><strong>Vo \u0161tvrtok m\u00e1me cirkevne prik\u00e1zan\u00fd sviatok Nanebovzatia Panny M\u00e1rie. Sv\u00e4t\u00e9 om\u0161e bud\u00fa u n\u00e1s nasledovne:<\/strong><\/p>\n\n\n\n<p><strong>v stredu predve\u010der \u2013 14. augusta (s platnos\u0165ou sviatku)<\/strong><\/p>\n\n\n\n<ul class=\"wp-block-list\">\n<li><strong>18:00 \u2013 Kostoln\u00e1 (slov.)<\/strong><\/li>\n<\/ul>\n\n\n\n<p><strong>\u0161tvrtok \u2013 15. augusta<\/strong><\/p>\n\n\n\n<ul class=\"wp-block-list\">\n<li><strong>16:00 \u2013 Hrub\u00e1 Bor\u0161a (slov.\/ma\u010f.)<\/strong><\/li>\n\n\n\n<li><strong>17:00 \u2013 Kostoln\u00e1 (ma\u010f.)<\/strong><\/li>\n\n\n\n<li><strong>18:00 \u2013 Kostoln\u00e1 (slov.)<\/strong><\/li>\n\n\n\n<li><strong>19:00 \u2013 Hrub\u00fd \u0160\u00far (ma\u010f.)<\/strong><\/li>\n<\/ul>\n\n\n\n<p>V utorok 20. augusta poz\u00fdvame ma\u010farsky hovoriacich veriacich na sl\u00e1vnostn\u00fa sv\u00e4t\u00fa om\u0161u o 18:00 do Katedr\u00e1ly sv\u00e4t\u00e9ho Martina v Bratislave. Odchod autobusom bude 16:30 z Kostolnej a 16:35 z Hrub\u00e9ho \u0160\u00faru. Cestovn\u00e9 10 \u20ac. Prihlasujte sa, pros\u00edm, v sakristii.<\/p>\n\n\n\n<p>S \u00factou,<br>Pavol Gajdo\u0161, v\u00e1\u0161 far\u00e1r<\/p>\n","protected":false},"excerpt":{"rendered":"<p>Eucharistia je jedine\u010dn\u00fdm prepojen\u00edm duchovn\u00e9ho a telesn\u00e9ho sveta. Telesn\u00fd hlad vieme rozl\u00ed\u0161i\u0165 a aj sa nas\u00fdti\u0165. Vn\u00edmame v\u0161ak tie\u017e duchovn\u00fd hlad a vieme ako ho zahna\u0165?<\/p>\n","protected":false},"author":1,"featured_media":9048,"comment_status":"closed","ping_status":"closed","sticky":false,"template":"","format":"standard","meta":{"footnotes":""},"categories":[13],"tags":[],"class_list":{"0":"entry","1":"post","2":"publish","3":"author-marian-jasenoveceltras-sk","4":"has-more-link","5":"post-9047","7":"format-standard","8":"has-post-thumbnail","9":"category-oznamy"},"_links":{"self":[{"href":"https:\/\/www.farakostolna.sk\/index.php?rest_route=\/wp\/v2\/posts\/9047","targetHints":{"allow":["GET"]}}],"collection":[{"href":"https:\/\/www.farakostolna.sk\/index.php?rest_route=\/wp\/v2\/posts"}],"about":[{"href":"https:\/\/www.farakostolna.sk\/index.php?rest_route=\/wp\/v2\/types\/post"}],"author":[{"embeddable":true,"href":"https:\/\/www.farakostolna.sk\/index.php?rest_route=\/wp\/v2\/users\/1"}],"replies":[{"embeddable":true,"href":"https:\/\/www.farakostolna.sk\/index.php?rest_route=%2Fwp%2Fv2%2Fcomments&post=9047"}],"version-history":[{"count":2,"href":"https:\/\/www.farakostolna.sk\/index.php?rest_route=\/wp\/v2\/posts\/9047\/revisions"}],"predecessor-version":[{"id":9086,"href":"https:\/\/www.farakostolna.sk\/index.php?rest_route=\/wp\/v2\/posts\/9047\/revisions\/9086"}],"wp:featuredmedia":[{"embeddable":true,"href":"https:\/\/www.farakostolna.sk\/index.php?rest_route=\/wp\/v2\/media\/9048"}],"wp:attachment":[{"href":"https:\/\/www.farakostolna.sk\/index.php?rest_route=%2Fwp%2Fv2%2Fmedia&parent=9047"}],"wp:term":[{"taxonomy":"category","embeddable":true,"href":"https:\/\/www.farakostolna.sk\/index.php?rest_route=%2Fwp%2Fv2%2Fcategories&post=9047"},{"taxonomy":"post_tag","embeddable":true,"href":"https:\/\/www.farakostolna.sk\/index.php?rest_route=%2Fwp%2Fv2%2Ftags&post=9047"}],"curies":[{"name":"wp","href":"https:\/\/api.w.org\/{rel}","templated":true}]}}