{"id":9044,"date":"2024-08-25T22:02:33","date_gmt":"2024-08-25T20:02:33","guid":{"rendered":"https:\/\/www.farakostolna.sk\/?p=9044"},"modified":"2024-08-27T10:12:16","modified_gmt":"2024-08-27T08:12:16","slug":"farske-oznamy-a-zamyslenie-04-08-2024","status":"publish","type":"post","link":"https:\/\/www.farakostolna.sk\/?p=9044","title":{"rendered":"Farsk\u00e9 oznamy a zamyslenie (04.08.2024)"},"content":{"rendered":"<div class=\"wp-block-image\">\n<figure class=\"aligncenter size-full\"><img loading=\"lazy\" decoding=\"async\" width=\"640\" height=\"359\" src=\"https:\/\/www.farakostolna.sk\/wp-content\/uploads\/2024\/08\/453630983_1668102767282815_4449728863555175225_n.jpg\" alt=\"\" class=\"wp-image-9045\" srcset=\"https:\/\/www.farakostolna.sk\/wp-content\/uploads\/2024\/08\/453630983_1668102767282815_4449728863555175225_n.jpg 640w, https:\/\/www.farakostolna.sk\/wp-content\/uploads\/2024\/08\/453630983_1668102767282815_4449728863555175225_n-300x168.jpg 300w\" sizes=\"auto, (max-width: 640px) 100vw, 640px\" \/><\/figure>\n<\/div>\n\n\n<p><\/p>\n\n\n\n<p>Chlieb, voda, slovo, &#8230; ktor\u00e9 s\u00fa v\u0161ak tie &#8220;prav\u00e9&#8221;? Tie, \u010do d\u00e1vaj\u00fa \u017eivot &#8211; to je jednoduch\u00fd k\u013e\u00fa\u010d, ktor\u00fd n\u00e1m Je\u017ei\u0161 d\u00e1va od dver\u00ed Nebesk\u00e9ho kr\u00e1\u013eovstva. Pou\u017e\u00edvame ho?<\/p>\n\n\n\n<!--more-->\n\n\n\n<p><strong>Sv\u00e4t\u00e9 om\u0161e u n\u00e1s:<\/strong><\/p>\n\n\n\n<p><strong>sobota \u2013 3. augusta (s nede\u013enou platnos\u0165ou)<\/strong><\/p>\n\n\n\n<ul class=\"wp-block-list\">\n<li><strong>17:00 \u2013 Hrub\u00e1 Bor\u0161a (slov.\/ma\u010f.)<\/strong><\/li>\n\n\n\n<li><strong>18:00 \u2013 Kostoln\u00e1 (slov.)<\/strong><\/li>\n<\/ul>\n\n\n\n<p><strong>nede\u013ea \u2013 4. augusta<\/strong><\/p>\n\n\n\n<ul class=\"wp-block-list\">\n<li><strong>8:00 \u2013 Hrub\u00fd \u0160\u00far (ma\u010f.)<\/strong><\/li>\n\n\n\n<li><strong>9:30 \u2013 Kostoln\u00e1 (ma\u010f.)<\/strong><\/li>\n\n\n\n<li><strong>11:00 \u2013 Kostoln\u00e1 (slov.)<\/strong><\/li>\n<\/ul>\n\n\n\n<p>Spoveda\u0165 budem tento t\u00fd\u017ede\u0148 v Kostolnej op\u00e4\u0165 v stredu a vo \u0161tvrtok od 17:00 do 18:00 a v piatok od 16:00 do 17:00 pod pr\u00edstre\u0161kom na farskom dvore. V Hrubom \u0160\u00fare v t\u00fato nede\u013eu r\u00e1no od 7:30 do 7:50. V tom \u010dase bude v kostole ador\u00e1cia.<\/p>\n\n\n\n<p>V utorok 20. augusta poz\u00fdvame ma\u010farsky hovoriacich veriacich na sl\u00e1vnostn\u00fa sv\u00e4t\u00fa om\u0161u o 18:00 do Katedr\u00e1ly sv\u00e4t\u00e9ho Martina v Bratislave. Odchod autobusu bude o 16:30 z Kostolnej a o 16:35 z Hrub\u00e9ho \u0160\u00faru. Cestovn\u00e9 je 10 \u20ac. Prihlasujte sa, pros\u00edm, v sakristii.<\/p>\n\n\n\n<p>Minulot\u00fd\u017ed\u0148ov\u00e1 pravideln\u00e1 mesa\u010dn\u00e1 zbierka na kostol a prev\u00e1dzkov\u00e9 n\u00e1klady farnosti vyniesla v Kostolnej 801,05 \u20ac, v Hrubom \u0160\u00fare na prev\u00e1dzkov\u00e9 n\u00e1klady farnosti a potreby \u0161\u00farskej kaplnky 148 \u20ac a v Hrubej Bor\u0161i na splatenie rekon\u0161trukcie bor\u0161anskej kaplnky 112,50 \u20ac. \u00daprimne \u010fakujem za va\u0161u priaze\u0148.<\/p>\n\n\n\n<p>S \u00factou, <br>Pavol Gajdo\u0161, v\u00e1\u0161 far\u00e1r<\/p>\n","protected":false},"excerpt":{"rendered":"<p>Chlieb, voda, slovo, &#8230; ktor\u00e9 s\u00fa v\u0161ak tie &#8220;prav\u00e9&#8221;? Tie, \u010do d\u00e1vaj\u00fa \u017eivot &#8211; to je jednoduch\u00fd k\u013e\u00fa\u010d, ktor\u00fd n\u00e1m Je\u017ei\u0161 d\u00e1va od dver\u00ed Nebesk\u00e9ho kr\u00e1\u013eovstva. Pou\u017e\u00edvame ho?<\/p>\n","protected":false},"author":1,"featured_media":9045,"comment_status":"closed","ping_status":"closed","sticky":false,"template":"","format":"standard","meta":{"footnotes":""},"categories":[13],"tags":[],"class_list":{"0":"entry","1":"post","2":"publish","3":"author-marian-jasenoveceltras-sk","4":"has-more-link","5":"post-9044","7":"format-standard","8":"has-post-thumbnail","9":"category-oznamy"},"_links":{"self":[{"href":"https:\/\/www.farakostolna.sk\/index.php?rest_route=\/wp\/v2\/posts\/9044","targetHints":{"allow":["GET"]}}],"collection":[{"href":"https:\/\/www.farakostolna.sk\/index.php?rest_route=\/wp\/v2\/posts"}],"about":[{"href":"https:\/\/www.farakostolna.sk\/index.php?rest_route=\/wp\/v2\/types\/post"}],"author":[{"embeddable":true,"href":"https:\/\/www.farakostolna.sk\/index.php?rest_route=\/wp\/v2\/users\/1"}],"replies":[{"embeddable":true,"href":"https:\/\/www.farakostolna.sk\/index.php?rest_route=%2Fwp%2Fv2%2Fcomments&post=9044"}],"version-history":[{"count":2,"href":"https:\/\/www.farakostolna.sk\/index.php?rest_route=\/wp\/v2\/posts\/9044\/revisions"}],"predecessor-version":[{"id":9088,"href":"https:\/\/www.farakostolna.sk\/index.php?rest_route=\/wp\/v2\/posts\/9044\/revisions\/9088"}],"wp:featuredmedia":[{"embeddable":true,"href":"https:\/\/www.farakostolna.sk\/index.php?rest_route=\/wp\/v2\/media\/9045"}],"wp:attachment":[{"href":"https:\/\/www.farakostolna.sk\/index.php?rest_route=%2Fwp%2Fv2%2Fmedia&parent=9044"}],"wp:term":[{"taxonomy":"category","embeddable":true,"href":"https:\/\/www.farakostolna.sk\/index.php?rest_route=%2Fwp%2Fv2%2Fcategories&post=9044"},{"taxonomy":"post_tag","embeddable":true,"href":"https:\/\/www.farakostolna.sk\/index.php?rest_route=%2Fwp%2Fv2%2Ftags&post=9044"}],"curies":[{"name":"wp","href":"https:\/\/api.w.org\/{rel}","templated":true}]}}