{"id":9041,"date":"2024-08-25T22:01:24","date_gmt":"2024-08-25T20:01:24","guid":{"rendered":"https:\/\/www.farakostolna.sk\/?p=9041"},"modified":"2024-08-27T10:14:04","modified_gmt":"2024-08-27T08:14:04","slug":"farske-oznamy-a-zamyslenie-28-07-2024","status":"publish","type":"post","link":"https:\/\/www.farakostolna.sk\/?p=9041","title":{"rendered":"Farsk\u00e9 oznamy a zamyslenie (28.07.2024)"},"content":{"rendered":"<div class=\"wp-block-image\">\n<figure class=\"aligncenter size-full\"><img loading=\"lazy\" decoding=\"async\" width=\"622\" height=\"321\" src=\"https:\/\/www.farakostolna.sk\/wp-content\/uploads\/2024\/08\/453234866_1663655197727572_5832004120881809858_n.jpg\" alt=\"\" class=\"wp-image-9042\" srcset=\"https:\/\/www.farakostolna.sk\/wp-content\/uploads\/2024\/08\/453234866_1663655197727572_5832004120881809858_n.jpg 622w, https:\/\/www.farakostolna.sk\/wp-content\/uploads\/2024\/08\/453234866_1663655197727572_5832004120881809858_n-300x155.jpg 300w\" sizes=\"auto, (max-width: 622px) 100vw, 622px\" \/><\/figure>\n<\/div>\n\n\n<p><\/p>\n\n\n\n<p>Je\u017ei\u0161 n\u00e1s s\u00fdti nielen Bo\u017e\u00edm slovom, ale aj chlebom. Nechcel v\u0161ak, aby ho nasledovali kv\u00f4li chlebu, ale kv\u00f4li Nebu. \u010co n\u00e1s vedie k Bohu? H\u013ead\u00e1me Teba, \u010di chleba?<\/p>\n\n\n\n<!--more-->\n\n\n\n<p><strong>Sv\u00e4t\u00e9 om\u0161e u n\u00e1s:<\/strong><\/p>\n\n\n\n<p><strong>sobota \u2013 27. j\u00fala (s nede\u013enou platnos\u0165ou)<\/strong><\/p>\n\n\n\n<ul class=\"wp-block-list\">\n<li><strong>17:00 \u2013 Hrub\u00e1 Bor\u0161a (slov.\/ma\u010f.)<\/strong><\/li>\n\n\n\n<li><strong>18:00 \u2013 Kostoln\u00e1 (slov.)<\/strong><\/li>\n<\/ul>\n\n\n\n<p><strong>nede\u013ea \u2013 28. j\u00fala<\/strong><\/p>\n\n\n\n<ul class=\"wp-block-list\">\n<li><strong>8:00 \u2013 Hrub\u00fd \u0160\u00far (ma\u010f.)<\/strong><\/li>\n\n\n\n<li><strong>9:30 \u2013 Kostoln\u00e1 (ma\u010f.)<\/strong><\/li>\n\n\n\n<li><strong>11:00 \u2013 Kostoln\u00e1 (slov.)<\/strong><\/li>\n<\/ul>\n\n\n\n<p>Spoveda\u0165 budem tento t\u00fd\u017ede\u0148 v Kostolnej v stredu a vo \u0161tvrtok od 17:00 do 18:00 a v piatok od 16:00 do 17:00 pod pr\u00edstre\u0161kom na farskom dvore. V Hrubom \u0160\u00fare na bud\u00facu nede\u013eu r\u00e1no od 7:30 do 7:50. V tom \u010dase bude v kostole ador\u00e1cia.<\/p>\n\n\n\n<p>Tento v\u00edkend je v na\u0161ej farnosti pravideln\u00e1 mesa\u010dn\u00e1 zbierka na kostol a prev\u00e1dzkov\u00e9 n\u00e1klady farnosti. Vopred \u010fakujem.<\/p>\n\n\n\n<p>Po\u017eehnan\u00fd \u010das dovoleniek v\u0161etk\u00fdm, ktor\u00ed ste na cest\u00e1ch a relaxujete.<\/p>\n\n\n\n<p>S \u00factou,<br>Pavol Gajdo\u0161, v\u00e1\u0161 far\u00e1r<\/p>\n","protected":false},"excerpt":{"rendered":"<p>Je\u017ei\u0161 n\u00e1s s\u00fdti nielen Bo\u017e\u00edm slovom, ale aj chlebom. Nechcel v\u0161ak, aby ho nasledovali kv\u00f4li chlebu, ale kv\u00f4li Nebu. \u010co n\u00e1s vedie k Bohu? H\u013ead\u00e1me Teba, \u010di chleba?<\/p>\n","protected":false},"author":1,"featured_media":9042,"comment_status":"closed","ping_status":"closed","sticky":false,"template":"","format":"standard","meta":{"footnotes":""},"categories":[13],"tags":[],"class_list":{"0":"entry","1":"post","2":"publish","3":"author-marian-jasenoveceltras-sk","4":"has-more-link","5":"post-9041","7":"format-standard","8":"has-post-thumbnail","9":"category-oznamy"},"_links":{"self":[{"href":"https:\/\/www.farakostolna.sk\/index.php?rest_route=\/wp\/v2\/posts\/9041","targetHints":{"allow":["GET"]}}],"collection":[{"href":"https:\/\/www.farakostolna.sk\/index.php?rest_route=\/wp\/v2\/posts"}],"about":[{"href":"https:\/\/www.farakostolna.sk\/index.php?rest_route=\/wp\/v2\/types\/post"}],"author":[{"embeddable":true,"href":"https:\/\/www.farakostolna.sk\/index.php?rest_route=\/wp\/v2\/users\/1"}],"replies":[{"embeddable":true,"href":"https:\/\/www.farakostolna.sk\/index.php?rest_route=%2Fwp%2Fv2%2Fcomments&post=9041"}],"version-history":[{"count":2,"href":"https:\/\/www.farakostolna.sk\/index.php?rest_route=\/wp\/v2\/posts\/9041\/revisions"}],"predecessor-version":[{"id":9090,"href":"https:\/\/www.farakostolna.sk\/index.php?rest_route=\/wp\/v2\/posts\/9041\/revisions\/9090"}],"wp:featuredmedia":[{"embeddable":true,"href":"https:\/\/www.farakostolna.sk\/index.php?rest_route=\/wp\/v2\/media\/9042"}],"wp:attachment":[{"href":"https:\/\/www.farakostolna.sk\/index.php?rest_route=%2Fwp%2Fv2%2Fmedia&parent=9041"}],"wp:term":[{"taxonomy":"category","embeddable":true,"href":"https:\/\/www.farakostolna.sk\/index.php?rest_route=%2Fwp%2Fv2%2Fcategories&post=9041"},{"taxonomy":"post_tag","embeddable":true,"href":"https:\/\/www.farakostolna.sk\/index.php?rest_route=%2Fwp%2Fv2%2Ftags&post=9041"}],"curies":[{"name":"wp","href":"https:\/\/api.w.org\/{rel}","templated":true}]}}