{"id":9035,"date":"2024-08-25T21:59:21","date_gmt":"2024-08-25T19:59:21","guid":{"rendered":"https:\/\/www.farakostolna.sk\/?p=9035"},"modified":"2024-08-27T10:16:28","modified_gmt":"2024-08-27T08:16:28","slug":"farske-oznamy-a-zamyslenie-14-07-2024","status":"publish","type":"post","link":"https:\/\/www.farakostolna.sk\/?p=9035","title":{"rendered":"Farsk\u00e9 oznamy a zamyslenie (14.07.2024)"},"content":{"rendered":"\n<figure class=\"wp-block-image size-large\"><img loading=\"lazy\" decoding=\"async\" width=\"1024\" height=\"585\" src=\"https:\/\/www.farakostolna.sk\/wp-content\/uploads\/2024\/08\/450625926_1654862958606796_3662521562892479191_n-1024x585.jpg\" alt=\"\" class=\"wp-image-9036\" srcset=\"https:\/\/www.farakostolna.sk\/wp-content\/uploads\/2024\/08\/450625926_1654862958606796_3662521562892479191_n-1024x585.jpg 1024w, https:\/\/www.farakostolna.sk\/wp-content\/uploads\/2024\/08\/450625926_1654862958606796_3662521562892479191_n-300x171.jpg 300w, https:\/\/www.farakostolna.sk\/wp-content\/uploads\/2024\/08\/450625926_1654862958606796_3662521562892479191_n-768x439.jpg 768w, https:\/\/www.farakostolna.sk\/wp-content\/uploads\/2024\/08\/450625926_1654862958606796_3662521562892479191_n.jpg 1280w\" sizes=\"auto, (max-width: 1024px) 100vw, 1024px\" \/><\/figure>\n\n\n\n<p><\/p>\n\n\n\n<p>\u010co je hlavnou \u00falohou k\u0148azov? Charita, budovanie, \u2026 \u010di soci\u00e1lna pr\u00e1ca? Je\u017ei\u0161 apo\u0161tolom dnes d\u00e1va zvl\u00e1\u0161tnu moc \u2013 vyh\u00e1\u0148a\u0165 zl\u00fdch duchov. Mo\u017eno aj preto oni na nich tak \u00fato\u010dia.<\/p>\n\n\n\n<!--more-->\n\n\n\n<p><strong>Sv\u00e4t\u00e9 om\u0161e u n\u00e1s:<\/strong><\/p>\n\n\n\n<p><strong>sobota \u2013 13. j\u00fala (s nede\u013enou platnos\u0165ou)<\/strong><\/p>\n\n\n\n<ul class=\"wp-block-list\">\n<li><strong>17:00 \u2013 Hrub\u00e1 Bor\u0161a (slov.\/ma\u010f.)<\/strong><\/li>\n<\/ul>\n\n\n\n<ul class=\"wp-block-list\">\n<li><strong>18:00 \u2013 Kostoln\u00e1 (slov.)<\/strong><\/li>\n<\/ul>\n\n\n\n<p><strong>nede\u013ea \u2013 14. j\u00fala<\/strong><\/p>\n\n\n\n<ul class=\"wp-block-list\">\n<li><strong>8:00 \u2013 Hrub\u00fd \u0160\u00far (ma\u010f.)<\/strong><\/li>\n\n\n\n<li><strong>9:30 \u2013 Kostoln\u00e1 (ma\u010f.)<\/strong><\/li>\n\n\n\n<li><strong>11:00 \u2013 Kostoln\u00e1 (slov.)<\/strong><\/li>\n<\/ul>\n\n\n\n<p>Od pondelka budem \u010derpa\u0165 dovolenku. Sv\u00e4t\u00e9 om\u0161e cez t\u00fd\u017ede\u0148 nebud\u00fa. Fara bude str\u00e1\u017een\u00e1! V pr\u00edpade zaopatrovania chor\u00fdch, alebo pohrebu, kontaktujte, pros\u00edm, vdp. Gabriela Klenku, p\u00e1na far\u00e1ra z Ve\u013ek\u00e9ho Bielu (0911 811 328), alebo vdp. Eugena Mat\u00fa\u0161a, p\u00e1na far\u00e1ra z Boldogu (0902 277 168). \u010eakujem.<\/p>\n\n\n\n<p>V\u0161etk\u00fdm, ktor\u00ed ste u\u017e \u201crozlezen\u00ed\u201d po v\u00fdletoch, na cest\u00e1ch, dovolenk\u00e1ch, alebo sa v bl\u00edzkych d\u0148och chyst\u00e1te, prajem po\u017eehnan\u00fd a zasl\u00fa\u017een\u00fd oddych.<\/p>\n\n\n\n<p>S \u00factou,<br>Pavol Gajdo\u0161, v\u00e1\u0161 far\u00e1r<\/p>\n","protected":false},"excerpt":{"rendered":"<p>\u010co je hlavnou \u00falohou k\u0148azov? Charita, budovanie, \u2026 \u010di soci\u00e1lna pr\u00e1ca? Je\u017ei\u0161 apo\u0161tolom dnes d\u00e1va zvl\u00e1\u0161tnu moc \u2013 vyh\u00e1\u0148a\u0165 zl\u00fdch duchov. Mo\u017eno aj preto oni na nich tak \u00fato\u010dia.<\/p>\n","protected":false},"author":1,"featured_media":9036,"comment_status":"closed","ping_status":"closed","sticky":false,"template":"","format":"standard","meta":{"footnotes":""},"categories":[13],"tags":[],"class_list":{"0":"entry","1":"post","2":"publish","3":"author-marian-jasenoveceltras-sk","4":"has-more-link","5":"post-9035","7":"format-standard","8":"has-post-thumbnail","9":"category-oznamy"},"_links":{"self":[{"href":"https:\/\/www.farakostolna.sk\/index.php?rest_route=\/wp\/v2\/posts\/9035","targetHints":{"allow":["GET"]}}],"collection":[{"href":"https:\/\/www.farakostolna.sk\/index.php?rest_route=\/wp\/v2\/posts"}],"about":[{"href":"https:\/\/www.farakostolna.sk\/index.php?rest_route=\/wp\/v2\/types\/post"}],"author":[{"embeddable":true,"href":"https:\/\/www.farakostolna.sk\/index.php?rest_route=\/wp\/v2\/users\/1"}],"replies":[{"embeddable":true,"href":"https:\/\/www.farakostolna.sk\/index.php?rest_route=%2Fwp%2Fv2%2Fcomments&post=9035"}],"version-history":[{"count":2,"href":"https:\/\/www.farakostolna.sk\/index.php?rest_route=\/wp\/v2\/posts\/9035\/revisions"}],"predecessor-version":[{"id":9093,"href":"https:\/\/www.farakostolna.sk\/index.php?rest_route=\/wp\/v2\/posts\/9035\/revisions\/9093"}],"wp:featuredmedia":[{"embeddable":true,"href":"https:\/\/www.farakostolna.sk\/index.php?rest_route=\/wp\/v2\/media\/9036"}],"wp:attachment":[{"href":"https:\/\/www.farakostolna.sk\/index.php?rest_route=%2Fwp%2Fv2%2Fmedia&parent=9035"}],"wp:term":[{"taxonomy":"category","embeddable":true,"href":"https:\/\/www.farakostolna.sk\/index.php?rest_route=%2Fwp%2Fv2%2Fcategories&post=9035"},{"taxonomy":"post_tag","embeddable":true,"href":"https:\/\/www.farakostolna.sk\/index.php?rest_route=%2Fwp%2Fv2%2Ftags&post=9035"}],"curies":[{"name":"wp","href":"https:\/\/api.w.org\/{rel}","templated":true}]}}