{"id":9029,"date":"2024-08-25T21:57:02","date_gmt":"2024-08-25T19:57:02","guid":{"rendered":"https:\/\/www.farakostolna.sk\/?p=9029"},"modified":"2024-08-25T21:57:03","modified_gmt":"2024-08-25T19:57:03","slug":"farske-oznamy-a-zamyslenie-29-06-2024","status":"publish","type":"post","link":"https:\/\/www.farakostolna.sk\/?p=9029","title":{"rendered":"Farsk\u00e9 oznamy a zamyslenie (29.06.2024)"},"content":{"rendered":"\n<p>Dvan\u00e1s\u0165 ro\u010dn\u00e1 choroba odstr\u00e1nen\u00e1 a dvan\u00e1s\u0165 ro\u010dn\u00e1 diev\u010dina vzkriesen\u00e1. Obe udalosti predch\u00e1dzala siln\u00e1 viera \u2013 v prvom pr\u00edpade chor\u00e9ho, v druhom bl\u00edzkeho. Ako ju v\u0161ak z\u00edska\u0165? Nenecha\u0165 sa odradi\u0165 ani davom, ani stavom.<\/p>\n\n\n\n<!--more-->\n\n\n\n<p>Sv\u00e4t\u00e9 om\u0161e u n\u00e1s:<\/p>\n\n\n\n<p>sobota \u2013 29. j\u00fana<\/p>\n\n\n\n<p><a><\/a>17:00 \u2013 Hrub\u00e1 Bor\u0161a (slov.\/ma\u010f.)<\/p>\n\n\n\n<p>18:00 \u2013 Kostoln\u00e1 (slov.)<\/p>\n\n\n\n<p>nede\u013ea \u2013 30. j\u00fana<\/p>\n\n\n\n<p>8:00 \u2013 Hrub\u00fd \u0160\u00far (ma\u010f.)<\/p>\n\n\n\n<p>9:30 \u2013 Kostoln\u00e1 (ma\u010f.)<\/p>\n\n\n\n<p>11:00 \u2013 Kostoln\u00e1 (slov.)<\/p>\n\n\n\n<p>Tento t\u00fd\u017ede\u0148 pon\u00fakam sviatos\u0165 zmierenia v stredu a piatok od 16:00 do 17:00 v Kostolnej pod pr\u00edstre\u0161kom. V tom \u010dase bude v kostole ador\u00e1cia.<\/p>\n\n\n\n<p>Modlitbov\u00e9 trojdnie spolo\u010denstva Modlitby Matiek bude e\u0161te v t\u00fato nede\u013eu 30.6. o 15:00 v Kostolnej.<\/p>\n\n\n\n<p>Tento v\u00edkend je zbierka na dobro\u010dinn\u00e9 diela Sv\u00e4t\u00e9ho Otca, predt\u00fdm naz\u00fdvan\u00e1 \u201cHalier sv\u00e4t\u00e9ho Petra\u201d, ktorou Sv\u00e4t\u00fd Otec podporuje najchudobnej\u0161ie diec\u00e9zy na svete.<\/p>\n\n\n\n<p>S \u00factou,<\/p>\n\n\n\n<p>Pavol Gajdo\u0161, v\u00e1\u0161 far\u00e1r<\/p>\n","protected":false},"excerpt":{"rendered":"<p>Dvan\u00e1s\u0165 ro\u010dn\u00e1 choroba odstr\u00e1nen\u00e1 a dvan\u00e1s\u0165 ro\u010dn\u00e1 diev\u010dina vzkriesen\u00e1. Obe udalosti predch\u00e1dzala siln\u00e1 viera \u2013 v prvom pr\u00edpade chor\u00e9ho, v druhom bl\u00edzkeho. Ako ju v\u0161ak z\u00edska\u0165? Nenecha\u0165 sa odradi\u0165 ani davom, ani stavom.<\/p>\n","protected":false},"author":1,"featured_media":9030,"comment_status":"open","ping_status":"open","sticky":false,"template":"","format":"standard","meta":{"footnotes":""},"categories":[13],"tags":[],"class_list":{"0":"entry","1":"post","2":"publish","3":"author-marian-jasenoveceltras-sk","4":"has-more-link","5":"post-9029","7":"format-standard","8":"has-post-thumbnail","9":"category-oznamy"},"_links":{"self":[{"href":"https:\/\/www.farakostolna.sk\/index.php?rest_route=\/wp\/v2\/posts\/9029","targetHints":{"allow":["GET"]}}],"collection":[{"href":"https:\/\/www.farakostolna.sk\/index.php?rest_route=\/wp\/v2\/posts"}],"about":[{"href":"https:\/\/www.farakostolna.sk\/index.php?rest_route=\/wp\/v2\/types\/post"}],"author":[{"embeddable":true,"href":"https:\/\/www.farakostolna.sk\/index.php?rest_route=\/wp\/v2\/users\/1"}],"replies":[{"embeddable":true,"href":"https:\/\/www.farakostolna.sk\/index.php?rest_route=%2Fwp%2Fv2%2Fcomments&post=9029"}],"version-history":[{"count":1,"href":"https:\/\/www.farakostolna.sk\/index.php?rest_route=\/wp\/v2\/posts\/9029\/revisions"}],"predecessor-version":[{"id":9031,"href":"https:\/\/www.farakostolna.sk\/index.php?rest_route=\/wp\/v2\/posts\/9029\/revisions\/9031"}],"wp:featuredmedia":[{"embeddable":true,"href":"https:\/\/www.farakostolna.sk\/index.php?rest_route=\/wp\/v2\/media\/9030"}],"wp:attachment":[{"href":"https:\/\/www.farakostolna.sk\/index.php?rest_route=%2Fwp%2Fv2%2Fmedia&parent=9029"}],"wp:term":[{"taxonomy":"category","embeddable":true,"href":"https:\/\/www.farakostolna.sk\/index.php?rest_route=%2Fwp%2Fv2%2Fcategories&post=9029"},{"taxonomy":"post_tag","embeddable":true,"href":"https:\/\/www.farakostolna.sk\/index.php?rest_route=%2Fwp%2Fv2%2Ftags&post=9029"}],"curies":[{"name":"wp","href":"https:\/\/api.w.org\/{rel}","templated":true}]}}