{"id":9026,"date":"2024-08-25T21:53:57","date_gmt":"2024-08-25T19:53:57","guid":{"rendered":"https:\/\/www.farakostolna.sk\/?p=9026"},"modified":"2024-08-25T21:53:58","modified_gmt":"2024-08-25T19:53:58","slug":"farske-oznamy-a-zamyslenie-22-06-2024","status":"publish","type":"post","link":"https:\/\/www.farakostolna.sk\/?p=9026","title":{"rendered":"Farsk\u00e9 oznamy a zamyslenie (22.06.2024)"},"content":{"rendered":"\n<p>\u201eU\u010dite\u013e, nedb\u00e1\u0161 o to, \u017ee hynieme?\u201c Aj my sme na pomyselnom mori, na ktorom sme v\u0161ak b\u00farku vyvolali sami. \u010co sa e\u0161te mus\u00ed sta\u0165, aby sme toto zvolali na Je\u017ei\u0161a?<\/p>\n\n\n\n<!--more-->\n\n\n\n<p>Sv\u00e4t\u00e9 om\u0161e u n\u00e1s:<\/p>\n\n\n\n<p>sobota \u2013 22. j\u00fana<\/p>\n\n\n\n<p><a><\/a>17:00 \u2013 Hrub\u00e1 Bor\u0161a (slov.\/ma\u010f.)<\/p>\n\n\n\n<p>18:00 \u2013 Kostoln\u00e1 (slov.)<\/p>\n\n\n\n<p>nede\u013ea \u2013 23. j\u00fana<\/p>\n\n\n\n<p>8:00 \u2013 Hrub\u00fd \u0160\u00far (ma\u010f.)<\/p>\n\n\n\n<p>9:30 \u2013 Kostoln\u00e1 (ma\u010f.)<\/p>\n\n\n\n<p>11:00 \u2013 Kostoln\u00e1 (slov.)<\/p>\n\n\n\n<p>Tento t\u00fd\u017ede\u0148 pon\u00fakam sviatos\u0165 zmierenia v stredu a vo \u0161tvrtok od 16:00 do 17:00 v Kostolnej pod pr\u00edstre\u0161kom. V tom \u010dase bude v kostole ador\u00e1cia.<\/p>\n\n\n\n<p>Tento t\u00fd\u017ede\u0148 m\u00e1me cirkevne prik\u00e1zan\u00fd sviatok sv\u00e4t\u00fdch apo\u0161tolov Petra a Pavla. Sv\u00e4t\u00e9 om\u0161e bud\u00fa u n\u00e1s nasledovne:<\/p>\n\n\n\n<p>piatok \u2013 28. j\u00fana \u2013 v predve\u010der sviatku<\/p>\n\n\n\n<p>18:00 \u2013 Kostoln\u00e1 (slov.\/ma\u010f.)<\/p>\n\n\n\n<p>sobota \u2013 29. j\u00fana<\/p>\n\n\n\n<p>8:00 \u2013 Hrub\u00fd \u0160\u00far (ma\u010f.)<\/p>\n\n\n\n<p>9:30 \u2013 Kostoln\u00e1 (ma\u010f.)<\/p>\n\n\n\n<p>17:00 \u2013 Hrub\u00e1 Bor\u0161a (slov.\/ma\u010f.)<\/p>\n\n\n\n<p>18:00 \u2013 Kostoln\u00e1 (slov.)<\/p>\n\n\n\n<p>V sobotu 29.6.2024 o 11:00 v Kostolnej sv\u00e4t\u00e1 om\u0161a v slovenskom jazyku nebude.<\/p>\n\n\n\n<p>V piatok v Hrubom \u0160\u00fare o 19:00 sv\u00e4t\u00e1 om\u0161a so zrete\u013eom na deti a ml\u00e1de\u017e v ma\u010farskom jazyku nebude.<\/p>\n\n\n\n<p>Modlitbov\u00e9 trojdnie spolo\u010denstva Modlitby Matiek bude bud\u00faci v\u00edkend v piatok 28.6. o 10:00 v kaplnke v Hrubom \u0160\u00fare a v nede\u013eu 30.6. o 15:00 v Kostolnej.<\/p>\n\n\n\n<p>Minulot\u00fd\u017ed\u0148ov\u00e1 pravideln\u00e1 mesa\u010dn\u00e1 zbierka na kostol a prev\u00e1dzkov\u00e9 n\u00e1klady farnosti vyniesla v Kostolnej 851,76 \u20ac, v Hrubom \u0160\u00fare na prev\u00e1dzkov\u00e9 n\u00e1klady farnosti a potreby \u0161\u00farskej kaplnky 151,40 \u20ac a v Hrubej Bor\u0161i na splatenie rekon\u0161trukcie bor\u0161anskej kaplnky 191,50 \u20ac. \u00daprimne \u010fakujem za va\u0161u \u0161tedros\u0165.<\/p>\n\n\n\n<p>V\u00fd\u0165a\u017eok z minulot\u00fd\u017ed\u0148ovej predajnej v\u00fdstavky r\u00f4znych predmetov z ebenov\u00e9ho dreva bol doposia\u013e 1220 \u20ac. V\u00fd\u0165a\u017eok je pre OZ MISIE, na podporu projektov, ktor\u00e9 na\u0161a farnos\u0165 u\u017e dlh\u0161ie v Tanz\u00e1nii rozv\u00edja. Ve\u013ek\u00e1 v\u010faka.<\/p>\n\n\n\n<p>Bud\u00faci v\u00edkend je zbierka na dobro\u010dinn\u00e9 diela Sv\u00e4t\u00e9ho Otca, predt\u00fdm naz\u00fdvan\u00e1 \u201cHalier sv\u00e4t\u00e9ho Petra\u201d.<\/p>\n\n\n\n<p>V piatok \u2013 28. j\u00fana \u2013 v\u00e1s v\u0161etk\u00fdch, mojich farn\u00edkov i priate\u013eov, srde\u010dne poz\u00fdvam na mal\u00e9 po\u010fakovanie P\u00e1nu Bohu za 20 rokov k\u0148azstva a 15 rokov slu\u017eby spr\u00e1vcu vo farnosti na ve\u010dernej sv\u00e4tej om\u0161i so za\u010diatkom o 18:00 v Kostolnej. Po om\u0161i bude pre v\u00e1s pripraven\u00e9 aj mal\u00e9 ob\u010derstvenie. Pote\u0161\u00edm sa, ke\u010f si n\u00e1jdete \u010das a budete vedie\u0165 prija\u0165 moje pozvanie.<\/p>\n\n\n\n<p>S \u00factou,<\/p>\n\n\n\n<p>Pavol Gajdo\u0161, v\u00e1\u0161 far\u00e1r<\/p>\n","protected":false},"excerpt":{"rendered":"<p>\u201eU\u010dite\u013e, nedb\u00e1\u0161 o to, \u017ee hynieme?\u201c Aj my sme na pomyselnom mori, na ktorom sme v\u0161ak b\u00farku vyvolali sami. \u010co sa e\u0161te mus\u00ed sta\u0165, aby sme toto zvolali na Je\u017ei\u0161a?<\/p>\n","protected":false},"author":1,"featured_media":9027,"comment_status":"open","ping_status":"open","sticky":false,"template":"","format":"standard","meta":{"footnotes":""},"categories":[13],"tags":[],"class_list":{"0":"entry","1":"post","2":"publish","3":"author-marian-jasenoveceltras-sk","4":"has-more-link","5":"post-9026","7":"format-standard","8":"has-post-thumbnail","9":"category-oznamy"},"_links":{"self":[{"href":"https:\/\/www.farakostolna.sk\/index.php?rest_route=\/wp\/v2\/posts\/9026","targetHints":{"allow":["GET"]}}],"collection":[{"href":"https:\/\/www.farakostolna.sk\/index.php?rest_route=\/wp\/v2\/posts"}],"about":[{"href":"https:\/\/www.farakostolna.sk\/index.php?rest_route=\/wp\/v2\/types\/post"}],"author":[{"embeddable":true,"href":"https:\/\/www.farakostolna.sk\/index.php?rest_route=\/wp\/v2\/users\/1"}],"replies":[{"embeddable":true,"href":"https:\/\/www.farakostolna.sk\/index.php?rest_route=%2Fwp%2Fv2%2Fcomments&post=9026"}],"version-history":[{"count":1,"href":"https:\/\/www.farakostolna.sk\/index.php?rest_route=\/wp\/v2\/posts\/9026\/revisions"}],"predecessor-version":[{"id":9028,"href":"https:\/\/www.farakostolna.sk\/index.php?rest_route=\/wp\/v2\/posts\/9026\/revisions\/9028"}],"wp:featuredmedia":[{"embeddable":true,"href":"https:\/\/www.farakostolna.sk\/index.php?rest_route=\/wp\/v2\/media\/9027"}],"wp:attachment":[{"href":"https:\/\/www.farakostolna.sk\/index.php?rest_route=%2Fwp%2Fv2%2Fmedia&parent=9026"}],"wp:term":[{"taxonomy":"category","embeddable":true,"href":"https:\/\/www.farakostolna.sk\/index.php?rest_route=%2Fwp%2Fv2%2Fcategories&post=9026"},{"taxonomy":"post_tag","embeddable":true,"href":"https:\/\/www.farakostolna.sk\/index.php?rest_route=%2Fwp%2Fv2%2Ftags&post=9026"}],"curies":[{"name":"wp","href":"https:\/\/api.w.org\/{rel}","templated":true}]}}