{"id":9020,"date":"2024-08-25T21:51:48","date_gmt":"2024-08-25T19:51:48","guid":{"rendered":"https:\/\/www.farakostolna.sk\/?p=9020"},"modified":"2024-08-25T21:51:48","modified_gmt":"2024-08-25T19:51:48","slug":"farske-oznamy-a-zamyslenie-16-06-2024","status":"publish","type":"post","link":"https:\/\/www.farakostolna.sk\/?p=9020","title":{"rendered":"Farsk\u00e9 oznamy a zamyslenie (16.06.2024)"},"content":{"rendered":"\n<p>\u010clovek hod\u00ed semeno do zeme a sp\u00ed; a ono rastie a on ani o tom nevie \u2013 m\u00e1me azda by\u0165 \u013eahostajn\u00ed, \u010di ne\u010dinn\u00ed? Ve\u010f to by sme boli \u201cleniv\u00ed sluhovia\u201d. M\u00e1me zasieva\u0165 Bo\u017eie slovo, ale nezabudn\u00fa\u0165 da\u0165 priestor Bohu, inak to u\u017e nebude budovanie Bo\u017eieho kr\u00e1\u013eovstva, ale \u013eudsk\u00e9ho.<\/p>\n\n\n\n<!--more-->\n\n\n\n<p>Sv\u00e4t\u00e9 om\u0161e u n\u00e1s:<\/p>\n\n\n\n<p>sobota \u2013 15. j\u00fana<\/p>\n\n\n\n<p><a><\/a>17:00 \u2013 Hrub\u00e1 Bor\u0161a (slov.\/ma\u010f.)<\/p>\n\n\n\n<p>18:00 \u2013 Kostoln\u00e1 (slov.)<\/p>\n\n\n\n<p>nede\u013ea \u2013 16. j\u00fana<\/p>\n\n\n\n<p>8:00 \u2013 Hrub\u00fd \u0160\u00far (ma\u010f.)<\/p>\n\n\n\n<p>9:30 \u2013 Kostoln\u00e1 (ma\u010f.)<\/p>\n\n\n\n<p>11:00 \u2013 Kostoln\u00e1 (slov.)<\/p>\n\n\n\n<p>V t\u00fato nede\u013eu \u2013 16. j\u00fana \u2013 bude o 11:00 v Kostolnej spieva\u0165 spev\u00e1\u010dka Monika Li\u017ebetin a porozpr\u00e1va kr\u00e1tke svedectvo. N\u00e1sledne bude mo\u017en\u00e9 vzadu na farskej z\u00e1hrade formou milodaru si zak\u00fapi\u0165 ozdobn\u00fd predmet z Afriky (k dispoz\u00edcii je cca 300 ks r\u00f4znych postavi\u010diek, zvieratiek, obrazov z ebenov\u00e9ho dreva). V\u00fd\u0165a\u017eok p\u00f4jde pre OZ MISIE, na podporu projektov, ktor\u00e9 na\u0161a farnos\u0165 u\u017e dlh\u0161ie v Tanz\u00e1nii rozv\u00edja.<\/p>\n\n\n\n<p>Tento t\u00fd\u017ede\u0148 pon\u00fakam sviatos\u0165 zmierenia v stredu, \u0161tvrtok a piatok od 16:00 do 17:00 v Kostolnej pod pr\u00edstre\u0161kom. V tom \u010dase bude v kostole ador\u00e1cia.<\/p>\n\n\n\n<p>V piatok po slovenskej sv\u00e4tej om\u0161i v Kostolnej cca 18:45 bude modlitba chv\u00e1l.<\/p>\n\n\n\n<p>V piatok bude v Hrubom \u0160\u00fare o 19:00 sv\u00e4t\u00e1 om\u0161a so zrete\u013eom na deti a ml\u00e1de\u017e v ma\u010farskom jazyku.<\/p>\n\n\n\n<p>V tento v\u00edkend bude pravideln\u00e1 mesa\u010dn\u00e1 zbierka na kostol a prev\u00e1dzkov\u00e9 n\u00e1klady farnosti.<\/p>\n\n\n\n<p>Pros\u00edm, neparkujte v Kostolnej pred kostolom na autobusovej zast\u00e1vke. Dostatok miesta na parkovanie je na parkovisku za kult\u00farnym domom a v nedele je pre n\u00e1v\u0161tevn\u00edkov kostola k dispoz\u00edcii aj parkovanie vzadu na farskej z\u00e1hrade so vstupom od cesty smerom na Kr\u00e1\u013eov\u00fa. \u010eakujem za porozumenie.<\/p>\n\n\n\n<p>S \u00factou,<\/p>\n\n\n\n<p>Pavol Gajdo\u0161, v\u00e1\u0161 far\u00e1r<\/p>\n","protected":false},"excerpt":{"rendered":"<p>\u010clovek hod\u00ed semeno do zeme a sp\u00ed; a ono rastie a on ani o tom nevie \u2013 m\u00e1me azda by\u0165 \u013eahostajn\u00ed, \u010di ne\u010dinn\u00ed? Ve\u010f to by sme boli \u201cleniv\u00ed sluhovia\u201d. M\u00e1me zasieva\u0165 Bo\u017eie slovo, ale nezabudn\u00fa\u0165 da\u0165 priestor Bohu, inak to u\u017e nebude budovanie Bo\u017eieho kr\u00e1\u013eovstva, ale \u013eudsk\u00e9ho.<\/p>\n","protected":false},"author":1,"featured_media":9021,"comment_status":"open","ping_status":"open","sticky":false,"template":"","format":"standard","meta":{"footnotes":""},"categories":[13],"tags":[],"class_list":{"0":"entry","1":"post","2":"publish","3":"author-marian-jasenoveceltras-sk","4":"has-more-link","5":"post-9020","7":"format-standard","8":"has-post-thumbnail","9":"category-oznamy"},"_links":{"self":[{"href":"https:\/\/www.farakostolna.sk\/index.php?rest_route=\/wp\/v2\/posts\/9020","targetHints":{"allow":["GET"]}}],"collection":[{"href":"https:\/\/www.farakostolna.sk\/index.php?rest_route=\/wp\/v2\/posts"}],"about":[{"href":"https:\/\/www.farakostolna.sk\/index.php?rest_route=\/wp\/v2\/types\/post"}],"author":[{"embeddable":true,"href":"https:\/\/www.farakostolna.sk\/index.php?rest_route=\/wp\/v2\/users\/1"}],"replies":[{"embeddable":true,"href":"https:\/\/www.farakostolna.sk\/index.php?rest_route=%2Fwp%2Fv2%2Fcomments&post=9020"}],"version-history":[{"count":1,"href":"https:\/\/www.farakostolna.sk\/index.php?rest_route=\/wp\/v2\/posts\/9020\/revisions"}],"predecessor-version":[{"id":9022,"href":"https:\/\/www.farakostolna.sk\/index.php?rest_route=\/wp\/v2\/posts\/9020\/revisions\/9022"}],"wp:featuredmedia":[{"embeddable":true,"href":"https:\/\/www.farakostolna.sk\/index.php?rest_route=\/wp\/v2\/media\/9021"}],"wp:attachment":[{"href":"https:\/\/www.farakostolna.sk\/index.php?rest_route=%2Fwp%2Fv2%2Fmedia&parent=9020"}],"wp:term":[{"taxonomy":"category","embeddable":true,"href":"https:\/\/www.farakostolna.sk\/index.php?rest_route=%2Fwp%2Fv2%2Fcategories&post=9020"},{"taxonomy":"post_tag","embeddable":true,"href":"https:\/\/www.farakostolna.sk\/index.php?rest_route=%2Fwp%2Fv2%2Ftags&post=9020"}],"curies":[{"name":"wp","href":"https:\/\/api.w.org\/{rel}","templated":true}]}}