{"id":9017,"date":"2024-08-25T21:50:30","date_gmt":"2024-08-25T19:50:30","guid":{"rendered":"https:\/\/www.farakostolna.sk\/?p=9017"},"modified":"2024-08-25T21:50:31","modified_gmt":"2024-08-25T19:50:31","slug":"farske-oznamy-a-zamyslenie-09-06-2024","status":"publish","type":"post","link":"https:\/\/www.farakostolna.sk\/?p=9017","title":{"rendered":"Farsk\u00e9 oznamy a zamyslenie (09.06.2024)"},"content":{"rendered":"\n<p>Poku\u0161ite\u013e sa plaz\u00ed v prachu zeme a Spasite\u013e bude vyzdvihnut\u00fd od zeme. Kam upierame svoj zrak a sluch? Koho rady po\u010d\u00favame? S\u00fa to slov\u00e1 pozdvihuj\u00face k nebu alebo sa nech\u00e1me zatl\u00e1\u010da\u0165 do prachu a \u0161piny?<\/p>\n\n\n\n<!--more-->\n\n\n\n<p>Sv\u00e4t\u00e9 om\u0161e u n\u00e1s:<\/p>\n\n\n\n<p>sobota \u2013 8. j\u00fana<\/p>\n\n\n\n<p><a><\/a>17:00 \u2013 Hrub\u00e1 Bor\u0161a (slov.\/ma\u010f.)<\/p>\n\n\n\n<p>18:00 \u2013 Kostoln\u00e1 (slov.)<\/p>\n\n\n\n<p>nede\u013ea \u2013 9. j\u00fana<\/p>\n\n\n\n<p>8:00 \u2013 Hrub\u00fd \u0160\u00far (ma\u010f.)<\/p>\n\n\n\n<p>9:30 \u2013 Kostoln\u00e1 (ma\u010f.)<\/p>\n\n\n\n<p>11:00 \u2013 Kostoln\u00e1 (slov.)<\/p>\n\n\n\n<p>V t\u00fato nede\u013eu \u2013 9. j\u00fana \u2013 je o 11:00 v Kostolnej \u201crodinn\u00e1\u201d sv\u00e4t\u00e1 om\u0161a. Osobitne t\u00fdmto poz\u00fdvame v\u0161etky deti spolu s rodi\u010dmi.<\/p>\n\n\n\n<p>Tento t\u00fd\u017ede\u0148 pon\u00fakam sviatos\u0165 zmierenia v stredu, \u0161tvrtok a piatok od 16:00 do 17:00 v Kostolnej pod pr\u00edstre\u0161kom. V tom \u010dase bude v kostole ador\u00e1cia.<\/p>\n\n\n\n<p>V stredu o 18:00 bude v Kostolnej sv\u00e4t\u00e1 om\u0161a so zrete\u013eom na deti v slovenskom jazyku a v piatok bude v Hrubom \u0160\u00fare o 19:00 sv\u00e4t\u00e1 om\u0161a so zrete\u013eom na deti a ml\u00e1de\u017e v ma\u010farskom jazyku.<\/p>\n\n\n\n<p>O t\u00fd\u017ede\u0148 bude pravideln\u00e1 mesa\u010dn\u00e1 zbierka na kostol a prev\u00e1dzkov\u00e9 n\u00e1klady farnosti.<\/p>\n\n\n\n<p>O t\u00fd\u017ede\u0148 na sv\u00e4tej om\u0161i o 11:00 pr\u00edde zaspieva\u0165 spev\u00e1\u010dka Monika Li\u017ebetin a porozpr\u00e1va kr\u00e1tke svedectvo. N\u00e1sledne bude mo\u017en\u00e9 vzadu na farskej z\u00e1hrade formou milodaru si zak\u00fapi\u0165 ozdobn\u00fd predmet z Afriky (k dispoz\u00edcii je cca 300 ks r\u00f4znych postavi\u010diek, zvieratiek, obrazov z ebenov\u00e9ho dreva). V\u00fd\u0165a\u017eok p\u00f4jde pre OZ MISIE, na podporu projektov, ktor\u00e9 na\u0161a farnos\u0165 u\u017e dlh\u0161ie v Tanz\u00e1nii rozv\u00edja.<\/p>\n\n\n\n<p>S \u00factou,<\/p>\n\n\n\n<p>Pavol Gajdo\u0161, v\u00e1\u0161 far\u00e1r<\/p>\n","protected":false},"excerpt":{"rendered":"<p>Poku\u0161ite\u013e sa plaz\u00ed v prachu zeme a Spasite\u013e bude vyzdvihnut\u00fd od zeme. Kam upierame svoj zrak a sluch? Koho rady po\u010d\u00favame? S\u00fa to slov\u00e1 pozdvihuj\u00face k nebu alebo sa nech\u00e1me zatl\u00e1\u010da\u0165 do prachu a \u0161piny?<\/p>\n","protected":false},"author":1,"featured_media":9018,"comment_status":"open","ping_status":"open","sticky":false,"template":"","format":"standard","meta":{"footnotes":""},"categories":[13],"tags":[],"class_list":{"0":"entry","1":"post","2":"publish","3":"author-marian-jasenoveceltras-sk","4":"has-more-link","5":"post-9017","7":"format-standard","8":"has-post-thumbnail","9":"category-oznamy"},"_links":{"self":[{"href":"https:\/\/www.farakostolna.sk\/index.php?rest_route=\/wp\/v2\/posts\/9017","targetHints":{"allow":["GET"]}}],"collection":[{"href":"https:\/\/www.farakostolna.sk\/index.php?rest_route=\/wp\/v2\/posts"}],"about":[{"href":"https:\/\/www.farakostolna.sk\/index.php?rest_route=\/wp\/v2\/types\/post"}],"author":[{"embeddable":true,"href":"https:\/\/www.farakostolna.sk\/index.php?rest_route=\/wp\/v2\/users\/1"}],"replies":[{"embeddable":true,"href":"https:\/\/www.farakostolna.sk\/index.php?rest_route=%2Fwp%2Fv2%2Fcomments&post=9017"}],"version-history":[{"count":1,"href":"https:\/\/www.farakostolna.sk\/index.php?rest_route=\/wp\/v2\/posts\/9017\/revisions"}],"predecessor-version":[{"id":9019,"href":"https:\/\/www.farakostolna.sk\/index.php?rest_route=\/wp\/v2\/posts\/9017\/revisions\/9019"}],"wp:featuredmedia":[{"embeddable":true,"href":"https:\/\/www.farakostolna.sk\/index.php?rest_route=\/wp\/v2\/media\/9018"}],"wp:attachment":[{"href":"https:\/\/www.farakostolna.sk\/index.php?rest_route=%2Fwp%2Fv2%2Fmedia&parent=9017"}],"wp:term":[{"taxonomy":"category","embeddable":true,"href":"https:\/\/www.farakostolna.sk\/index.php?rest_route=%2Fwp%2Fv2%2Fcategories&post=9017"},{"taxonomy":"post_tag","embeddable":true,"href":"https:\/\/www.farakostolna.sk\/index.php?rest_route=%2Fwp%2Fv2%2Ftags&post=9017"}],"curies":[{"name":"wp","href":"https:\/\/api.w.org\/{rel}","templated":true}]}}