{"id":9011,"date":"2024-08-25T21:48:00","date_gmt":"2024-08-25T19:48:00","guid":{"rendered":"https:\/\/www.farakostolna.sk\/?p=9011"},"modified":"2024-08-25T21:48:00","modified_gmt":"2024-08-25T19:48:00","slug":"farske-oznamy-a-zamyslenie-26-05-2024","status":"publish","type":"post","link":"https:\/\/www.farakostolna.sk\/?p=9011","title":{"rendered":"Farsk\u00e9 oznamy a zamyslenie (26.05.2024)"},"content":{"rendered":"\n<p>Dan\u00e1 mi je v\u0161etka moc, hovor\u00ed Je\u017ei\u0161, no v\u0161etky n\u00e1rody chce z\u00edska\u0165 u\u010den\u00edm, teda nie silou. Ak\u00e1 forma evanjeliz\u00e1cie je n\u00e1m bli\u017e\u0161ia? U\u010d\u00edme sa, aby sme mohli aj my vyu\u010dova\u0165?<\/p>\n\n\n\n<!--more-->\n\n\n\n<p>Sv\u00e4t\u00e9 om\u0161e u n\u00e1s:<\/p>\n\n\n\n<p>sobota \u2013 25. m\u00e1ja<\/p>\n\n\n\n<p><a><\/a>17:00 \u2013 Hrub\u00e1 Bor\u0161a (slov.\/ma\u010f.)<\/p>\n\n\n\n<p>18:00 \u2013 Kostoln\u00e1 (slov.)<\/p>\n\n\n\n<p>nede\u013ea \u2013 26. m\u00e1ja<\/p>\n\n\n\n<p>8:00 \u2013 Hrub\u00fd \u0160\u00far (ma\u010f.\/slov.)<\/p>\n\n\n\n<p>9:30 \u2013 Kostoln\u00e1 (ma\u010f.)<\/p>\n\n\n\n<p>11:00 \u2013 Kostoln\u00e1 (slov.)<\/p>\n\n\n\n<p>Napriek rozkop\u00e1vkam v Kostolnej na ceste sa do kostola cez v\u00edkend autami dostanete u\u017e bez obch\u00e1dzok a obmedzen\u00ed. Parkovanie je zabezpe\u010den\u00e9 aj na farskej z\u00e1hrade. Te\u0161\u00edme sa na V\u00c1S!<\/p>\n\n\n\n<p>V t\u00fato nede\u013eu \u2013 na sviatok Najsv\u00e4tej\u0161ej Trojice \u2013 s\u00fa v Hrubom \u0160\u00fare hody. V Malom \u0160\u00fare sa o 15:00 pomodl\u00edme pri Troji\u010dnom st\u013ape lit\u00e1nie. Po nich poz\u00fdvame v\u0161etk\u00fdch na poh\u00e1rik dobr\u00e9ho v\u00ednka.<\/p>\n\n\n\n<p>Tento t\u00fd\u017ede\u0148 vo \u0161tvrtok m\u00e1me cirkevne prik\u00e1zan\u00fd sviatok \u201cNajsv\u00e4tej\u0161ieho Tela a Krvi\u201d \u2013 \u013eudovo naz\u00fdvan\u00e9ho aj sviatok Bo\u017eieho Tela. Sv\u00e4t\u00e9 om\u0161e bud\u00fa nasledovne:<\/p>\n\n\n\n<p>streda \u2013 29. m\u00e1ja \u2013 predve\u010der sviatku<\/p>\n\n\n\n<p>17:00 \u2013 Hrub\u00e1 Bor\u0161a (slov.\/ma\u010f.)<\/p>\n\n\n\n<p>18:00 \u2013 Kostoln\u00e1 (slov.-dets.)<\/p>\n\n\n\n<p>\u0161tvrtok \u2013 30. m\u00e1ja<\/p>\n\n\n\n<p>17:00 \u2013 Kostoln\u00e1 (ma\u010f.)<\/p>\n\n\n\n<p>18:00 \u2013 Kostoln\u00e1 (slov.)<\/p>\n\n\n\n<p>19:00 \u2013 Hrub\u00fd \u0160\u00far (ma\u010f.)<\/p>\n\n\n\n<p>V Hrubom \u0160\u00fare bude procesia vo \u0161tvrtok od 19:45 do 20:30. Celofarsk\u00e1 procesia bude v nede\u013eu 2. j\u00fana v Kostolnej medzi dvoma sv\u00e4t\u00fdmi om\u0161ami okolo farsk\u00e9ho kostola od 10:15 do 11:00. Pros\u00edm v\u0161etk\u00fdch o akt\u00edvnu \u00fa\u010das\u0165 a pomoc pri pr\u00edprave.<\/p>\n\n\n\n<p>Tento t\u00fd\u017ede\u0148 pon\u00fakam sviatos\u0165 zmierenia v Kostolnej iba vo \u0161tvrtok a piatok od 16:00 do 17:00 v Kostolnej pod pr\u00edstre\u0161kom. V tom \u010dase bude v kostole ador\u00e1cia.<\/p>\n\n\n\n<p>V stredu bude sv\u00e4t\u00e1 om\u0161a v Kostolnej o 18:00 so zrete\u013eom na deti v slovenskom jazyku a v piatok bude v Hrubom \u0160\u00fare o 19:00 sv\u00e4t\u00e1 om\u0161a so zrete\u013eom na deti a ml\u00e1de\u017e v ma\u010farskom jazyku.<\/p>\n\n\n\n<p>Minulot\u00fd\u017ed\u0148ov\u00e1 pravideln\u00e1 mesa\u010dn\u00e1 zbierka na opravu farsk\u00e9ho kostola a prev\u00e1dzkov\u00e9 n\u00e1klady farnosti vyniesla v Kostolnej 916,70 \u20ac, v Hrubom \u0160\u00fare na prev\u00e1dzkov\u00e9 n\u00e1klady farnosti a potreby \u0161\u00farskej kaplnky 152,50 \u20ac a v Hrubej Bor\u0161i na opravu kaplnky 165 \u20ac. \u010eakujem za va\u0161u \u0161tedros\u0165.<\/p>\n\n\n\n<p>S \u00factou,<\/p>\n\n\n\n<p>Pavol Gajdo\u0161, v\u00e1\u0161 far\u00e1r<\/p>\n","protected":false},"excerpt":{"rendered":"<p>Dan\u00e1 mi je v\u0161etka moc, hovor\u00ed Je\u017ei\u0161, no v\u0161etky n\u00e1rody chce z\u00edska\u0165 u\u010den\u00edm, teda nie silou. Ak\u00e1 forma evanjeliz\u00e1cie je n\u00e1m bli\u017e\u0161ia? U\u010d\u00edme sa, aby sme mohli aj my vyu\u010dova\u0165?<\/p>\n","protected":false},"author":1,"featured_media":9012,"comment_status":"open","ping_status":"open","sticky":false,"template":"","format":"standard","meta":{"footnotes":""},"categories":[13],"tags":[],"class_list":{"0":"entry","1":"post","2":"publish","3":"author-marian-jasenoveceltras-sk","4":"has-more-link","5":"post-9011","7":"format-standard","8":"has-post-thumbnail","9":"category-oznamy"},"_links":{"self":[{"href":"https:\/\/www.farakostolna.sk\/index.php?rest_route=\/wp\/v2\/posts\/9011","targetHints":{"allow":["GET"]}}],"collection":[{"href":"https:\/\/www.farakostolna.sk\/index.php?rest_route=\/wp\/v2\/posts"}],"about":[{"href":"https:\/\/www.farakostolna.sk\/index.php?rest_route=\/wp\/v2\/types\/post"}],"author":[{"embeddable":true,"href":"https:\/\/www.farakostolna.sk\/index.php?rest_route=\/wp\/v2\/users\/1"}],"replies":[{"embeddable":true,"href":"https:\/\/www.farakostolna.sk\/index.php?rest_route=%2Fwp%2Fv2%2Fcomments&post=9011"}],"version-history":[{"count":1,"href":"https:\/\/www.farakostolna.sk\/index.php?rest_route=\/wp\/v2\/posts\/9011\/revisions"}],"predecessor-version":[{"id":9013,"href":"https:\/\/www.farakostolna.sk\/index.php?rest_route=\/wp\/v2\/posts\/9011\/revisions\/9013"}],"wp:featuredmedia":[{"embeddable":true,"href":"https:\/\/www.farakostolna.sk\/index.php?rest_route=\/wp\/v2\/media\/9012"}],"wp:attachment":[{"href":"https:\/\/www.farakostolna.sk\/index.php?rest_route=%2Fwp%2Fv2%2Fmedia&parent=9011"}],"wp:term":[{"taxonomy":"category","embeddable":true,"href":"https:\/\/www.farakostolna.sk\/index.php?rest_route=%2Fwp%2Fv2%2Fcategories&post=9011"},{"taxonomy":"post_tag","embeddable":true,"href":"https:\/\/www.farakostolna.sk\/index.php?rest_route=%2Fwp%2Fv2%2Ftags&post=9011"}],"curies":[{"name":"wp","href":"https:\/\/api.w.org\/{rel}","templated":true}]}}