{"id":9008,"date":"2024-08-25T21:46:45","date_gmt":"2024-08-25T19:46:45","guid":{"rendered":"https:\/\/www.farakostolna.sk\/?p=9008"},"modified":"2024-08-25T21:46:46","modified_gmt":"2024-08-25T19:46:46","slug":"farske-oznamy-a-zamyslenie-19-05-2024","status":"publish","type":"post","link":"https:\/\/www.farakostolna.sk\/?p=9008","title":{"rendered":"Farsk\u00e9 oznamy a zamyslenie (19.05.2024)"},"content":{"rendered":"\n<p>V \u017eivote sa \u010dasto \u017eenieme za prostriedkom, ale nie za cie\u013eom. Je\u017ei\u0161 n\u00e1m teraz zosiela prostriedok a cie\u013e s\u00fa\u010dasne \u2013 je n\u00edm Duch Sv\u00e4t\u00fd. Sme pre neho otvoren\u00ed a pou\u017e\u00edvame Jeho dary?<\/p>\n\n\n\n<!--more-->\n\n\n\n<p>Sv\u00e4t\u00e9 om\u0161e u n\u00e1s:<\/p>\n\n\n\n<p>sobota \u2013 18. m\u00e1ja<\/p>\n\n\n\n<p><a><\/a>17:00 \u2013 Hrub\u00e1 Bor\u0161a (slov.\/ma\u010f.)<\/p>\n\n\n\n<p>18:00 \u2013 Kostoln\u00e1 (slov.)<\/p>\n\n\n\n<p>nede\u013ea \u2013 19. m\u00e1ja<\/p>\n\n\n\n<p>8:00 \u2013 Hrub\u00fd \u0160\u00far (ma\u010f.)<\/p>\n\n\n\n<p>9:30 \u2013 Kostoln\u00e1 (ma\u010f.)<\/p>\n\n\n\n<p>11:00 \u2013 Kostoln\u00e1 (slov.)<\/p>\n\n\n\n<p>Napriek rozkop\u00e1vkam v Kostolnej na ceste sa do kostola cez v\u00edkend autami dostanete bez obch\u00e1dzok a v\u00e4\u010d\u0161\u00edch obmedzen\u00ed. Sv\u00e4t\u00e1 om\u0161a o 11:00 bude vonku na farskom dvore pod pr\u00edstre\u0161kom. Parkovanie v dostato\u010dnej kapacite bude zabezpe\u010den\u00e9 aj na farskej z\u00e1hrade.<\/p>\n\n\n\n<p>Na sv\u00e4todu\u0161n\u00fd pondelok bud\u00fa v Kostolnej dve sv\u00e4t\u00e9 om\u0161e \u2013 o 17:00 v ma\u010farskom a o 18:00 v slovenskom jazyku. Poz\u00fdvame osobitne deti a ml\u00e1de\u017e.<\/p>\n\n\n\n<p>Tento t\u00fd\u017ede\u0148 pon\u00fakam sviatos\u0165 zmierenia v stredu, \u0161tvrtok a piatok od 16:00 do 17:00 v Kostolnej pod pr\u00edstre\u0161kom. V tom \u010dase bude v kostole ador\u00e1cia.<\/p>\n\n\n\n<p>V piatok bude v Hrubom \u0160\u00fare o 19:00 sv\u00e4t\u00e1 om\u0161a so zrete\u013eom na deti a ml\u00e1de\u017e v ma\u010farskom jazyku.<\/p>\n\n\n\n<p>V m\u00e1ji sa modlievame pred sv. om\u0161ami Loret\u00e1nske lit\u00e1nie.<\/p>\n\n\n\n<p>Minulot\u00fd\u017ed\u0148ov\u00e1 zbierka na katol\u00edcke masm\u00e9di\u00e1 vyniesla v na\u0161ej farnosti spolu 486,42 \u20ac, z toho v Kostolnej 266,72 \u20ac, v Hrubej Bor\u0161i 113,70 \u20ac a v Hrubom \u0160\u00fare 106 \u20ac. Peniaze som u\u017e preposlal na dan\u00fd \u00fa\u010det.<\/p>\n\n\n\n<p>Tento v\u00edkend je v na\u0161ej farnosti pravideln\u00e1 mesa\u010dn\u00e1 zbierka na opravu farsk\u00e9ho kostola a prev\u00e1dzkov\u00e9 n\u00e1klady farnosti. Vopred \u010fakujem za va\u0161u \u0161tedros\u0165.<\/p>\n\n\n\n<p>S \u00factou,<\/p>\n\n\n\n<p>Pavol Gajdo\u0161, v\u00e1\u0161 far\u00e1r<\/p>\n","protected":false},"excerpt":{"rendered":"<p>V \u017eivote sa \u010dasto \u017eenieme za prostriedkom, ale nie za cie\u013eom. Je\u017ei\u0161 n\u00e1m teraz zosiela prostriedok a cie\u013e s\u00fa\u010dasne \u2013 je n\u00edm Duch Sv\u00e4t\u00fd. Sme pre neho otvoren\u00ed a pou\u017e\u00edvame Jeho dary?<\/p>\n","protected":false},"author":1,"featured_media":9009,"comment_status":"open","ping_status":"open","sticky":false,"template":"","format":"standard","meta":{"footnotes":""},"categories":[13],"tags":[],"class_list":{"0":"entry","1":"post","2":"publish","3":"author-marian-jasenoveceltras-sk","4":"has-more-link","5":"post-9008","7":"format-standard","8":"has-post-thumbnail","9":"category-oznamy"},"_links":{"self":[{"href":"https:\/\/www.farakostolna.sk\/index.php?rest_route=\/wp\/v2\/posts\/9008","targetHints":{"allow":["GET"]}}],"collection":[{"href":"https:\/\/www.farakostolna.sk\/index.php?rest_route=\/wp\/v2\/posts"}],"about":[{"href":"https:\/\/www.farakostolna.sk\/index.php?rest_route=\/wp\/v2\/types\/post"}],"author":[{"embeddable":true,"href":"https:\/\/www.farakostolna.sk\/index.php?rest_route=\/wp\/v2\/users\/1"}],"replies":[{"embeddable":true,"href":"https:\/\/www.farakostolna.sk\/index.php?rest_route=%2Fwp%2Fv2%2Fcomments&post=9008"}],"version-history":[{"count":1,"href":"https:\/\/www.farakostolna.sk\/index.php?rest_route=\/wp\/v2\/posts\/9008\/revisions"}],"predecessor-version":[{"id":9010,"href":"https:\/\/www.farakostolna.sk\/index.php?rest_route=\/wp\/v2\/posts\/9008\/revisions\/9010"}],"wp:featuredmedia":[{"embeddable":true,"href":"https:\/\/www.farakostolna.sk\/index.php?rest_route=\/wp\/v2\/media\/9009"}],"wp:attachment":[{"href":"https:\/\/www.farakostolna.sk\/index.php?rest_route=%2Fwp%2Fv2%2Fmedia&parent=9008"}],"wp:term":[{"taxonomy":"category","embeddable":true,"href":"https:\/\/www.farakostolna.sk\/index.php?rest_route=%2Fwp%2Fv2%2Fcategories&post=9008"},{"taxonomy":"post_tag","embeddable":true,"href":"https:\/\/www.farakostolna.sk\/index.php?rest_route=%2Fwp%2Fv2%2Ftags&post=9008"}],"curies":[{"name":"wp","href":"https:\/\/api.w.org\/{rel}","templated":true}]}}