{"id":9005,"date":"2024-08-25T21:28:35","date_gmt":"2024-08-25T19:28:35","guid":{"rendered":"https:\/\/www.farakostolna.sk\/?p=9005"},"modified":"2026-02-19T13:23:25","modified_gmt":"2026-02-19T12:23:25","slug":"farske-oznamy-a-zamyslenie-12-05-2024","status":"publish","type":"post","link":"https:\/\/www.farakostolna.sk\/?p=9005","title":{"rendered":"Farsk\u00e9 oznamy a zamyslenie (12.05.2024)"},"content":{"rendered":"\n<p>\u013dudstvo je od vekov priam hnan\u00e9 vpred ot\u00e1zkou: &#8220;\u010co je pravda?&#8221; Aj Pil\u00e1t sa to p\u00fdtal. Je\u017ei\u0161 chce od Otca, aby n\u00e1s posv\u00e4til pravdou &#8211; Jeho slovom. H\u013ead\u00e1me v\u00f4bec Pravdu s ve\u013ek\u00fdm &#8220;P&#8221; alebo sa uspokoj\u00edme s jej fejkov\u00fdmi n\u00e1hradami? A sme pripraven\u00ed ju spozna\u0165?<\/p>\n\n\n\n<!--more-->\n\n\n\n<p>Sv\u00e4t\u00e9 om\u0161e u n\u00e1s:<\/p>\n\n\n\n<p>Napriek vyzna\u010denej uz\u00e1vierke na pr\u00edstupovej ceste do Kostolnej sa na osobnom aute viete dosta\u0165 ku kostolu zo v\u0161etk\u00fdch str\u00e1n.<\/p>\n\n\n\n<p><a><\/a>sobota \u2013 11. m\u00e1ja<\/p>\n\n\n\n<p>17:00 \u2013 Hrub\u00e1 Bor\u0161a (slov.\/ma\u010f.)<\/p>\n\n\n\n<p>18:00 \u2013 Kostoln\u00e1 (slov.)<\/p>\n\n\n\n<p>nede\u013ea \u2013 12. m\u00e1ja<\/p>\n\n\n\n<p>8:00 \u2013 Hrub\u00fd \u0160\u00far (ma\u010f.)<\/p>\n\n\n\n<p>9:30 \u2013 Kostoln\u00e1 (ma\u010f.)<\/p>\n\n\n\n<p>11:00 \u2013 Kostoln\u00e1 (slov.)<\/p>\n\n\n\n<p>O t\u00fd\u017ede\u0148 m\u00e1me v na\u0161ej farnosti prv\u00e9 sv\u00e4t\u00e9 prij\u00edmanie. Sviatos\u0165 zmierenia pon\u00fakam v tento t\u00fd\u017ede\u0148 v stredu, \u0161tvrtok a piatok od 16:00 do 17:00 v Kostolnej pod pr\u00edstre\u0161kom. V tom \u010dase bude v kostole ador\u00e1cia. Prvoprij\u00edmaj\u00face deti bud\u00fa ma\u0165 prv\u00fa sv\u00e4t\u00fa spove\u010f v Kostolnej v sobotu od 9:00 do 10:00. V sobotu budeme spoveda\u0165 traja k\u0148azi.<\/p>\n\n\n\n<p>V utorok budem sk\u00fa\u0161a\u0165 prvoprij\u00edmaj\u00face deti v slovenskom jazyku na farskom \u00farade od 15:00 do 18:00. Opravn\u00fd term\u00edn je vo \u0161tvrtok od 15:00 do 16:00.<\/p>\n\n\n\n<p>V piatok bude v Hrubom \u0160\u00fare o 19:00 sv\u00e4t\u00e1 om\u0161a so zrete\u013eom na deti a ml\u00e1de\u017e v ma\u010farskom jazyku.<\/p>\n\n\n\n<p>V m\u00e1ji sa modlievame pred sv. om\u0161ami Loret\u00e1nske lit\u00e1nie.<\/p>\n\n\n\n<p>\u010eakujem v\u0161etk\u00fdm, ktor\u00fd ste sa rozhodli darova\u0165 svoje 2 % na \u201eZdru\u017eenie Senec<\/p>\n\n\n\n<p>a okolie\u201c. T\u00ed, ktor\u00ed mi e\u0161te neodovzdali potvrdenie (sta\u010d\u00ed aj napr. cez whatsapp),<\/p>\n\n\n\n<p>nech tak urobia \u010d\u00edm sk\u00f4r. \u010eakujem.<\/p>\n\n\n\n<p>V tento v\u00edkend je vo v\u0161etk\u00fdch kostoloch na Slovensku zbierka na katol\u00edcke masm\u00e9di\u00e1.<\/p>\n\n\n\n<p>O t\u00fd\u017ede\u0148 bude v na\u0161ej farnosti pravideln\u00e1 mesa\u010dn\u00e1 zbierka na opravu farsk\u00e9ho kostola a prev\u00e1dzkov\u00e9 n\u00e1klady farnosti. Vopred \u010fakujem za va\u0161u \u0161tedros\u0165.<\/p>\n\n\n\n<p>S \u00factou, Pavol Gajdo\u0161, v\u00e1\u0161 far\u00e1r<\/p>\n","protected":false},"excerpt":{"rendered":"<p>\u013dudstvo je od vekov priam hnan\u00e9 vpred ot\u00e1zkou: &#8220;\u010co je pravda?&#8221; Aj Pil\u00e1t sa to p\u00fdtal. Je\u017ei\u0161 chce od Otca, aby n\u00e1s posv\u00e4til pravdou &#8211; Jeho slovom. H\u013ead\u00e1me v\u00f4bec Pravdu s ve\u013ek\u00fdm &#8220;P&#8221; alebo sa uspokoj\u00edme s jej fejkov\u00fdmi n\u00e1hradami? A sme pripraven\u00ed ju spozna\u0165?<\/p>\n","protected":false},"author":1,"featured_media":9007,"comment_status":"closed","ping_status":"closed","sticky":false,"template":"","format":"standard","meta":{"footnotes":""},"categories":[1],"tags":[],"class_list":{"0":"entry","1":"post","2":"publish","3":"author-marian-jasenoveceltras-sk","4":"has-more-link","5":"post-9005","7":"format-standard","8":"has-post-thumbnail","9":"category-uncategorized"},"_links":{"self":[{"href":"https:\/\/www.farakostolna.sk\/index.php?rest_route=\/wp\/v2\/posts\/9005","targetHints":{"allow":["GET"]}}],"collection":[{"href":"https:\/\/www.farakostolna.sk\/index.php?rest_route=\/wp\/v2\/posts"}],"about":[{"href":"https:\/\/www.farakostolna.sk\/index.php?rest_route=\/wp\/v2\/types\/post"}],"author":[{"embeddable":true,"href":"https:\/\/www.farakostolna.sk\/index.php?rest_route=\/wp\/v2\/users\/1"}],"replies":[{"embeddable":true,"href":"https:\/\/www.farakostolna.sk\/index.php?rest_route=%2Fwp%2Fv2%2Fcomments&post=9005"}],"version-history":[{"count":1,"href":"https:\/\/www.farakostolna.sk\/index.php?rest_route=\/wp\/v2\/posts\/9005\/revisions"}],"predecessor-version":[{"id":9006,"href":"https:\/\/www.farakostolna.sk\/index.php?rest_route=\/wp\/v2\/posts\/9005\/revisions\/9006"}],"wp:featuredmedia":[{"embeddable":true,"href":"https:\/\/www.farakostolna.sk\/index.php?rest_route=\/wp\/v2\/media\/9007"}],"wp:attachment":[{"href":"https:\/\/www.farakostolna.sk\/index.php?rest_route=%2Fwp%2Fv2%2Fmedia&parent=9005"}],"wp:term":[{"taxonomy":"category","embeddable":true,"href":"https:\/\/www.farakostolna.sk\/index.php?rest_route=%2Fwp%2Fv2%2Fcategories&post=9005"},{"taxonomy":"post_tag","embeddable":true,"href":"https:\/\/www.farakostolna.sk\/index.php?rest_route=%2Fwp%2Fv2%2Ftags&post=9005"}],"curies":[{"name":"wp","href":"https:\/\/api.w.org\/{rel}","templated":true}]}}