{"id":8998,"date":"2024-08-25T21:25:46","date_gmt":"2024-08-25T19:25:46","guid":{"rendered":"https:\/\/www.farakostolna.sk\/?p=8998"},"modified":"2024-08-25T21:26:54","modified_gmt":"2024-08-25T19:26:54","slug":"farske-oznamy-a-zamyslenie-04-05-2024","status":"publish","type":"post","link":"https:\/\/www.farakostolna.sk\/?p=8998","title":{"rendered":"Farsk\u00e9 oznamy a zamyslenie (04.05.2024)"},"content":{"rendered":"\n<p>Pr\u00edkaz l\u00e1sky a slu\u017eby \u2013 slu\u017ebou rastieme v l\u00e1ske a l\u00e1skou rastieme k slu\u017ebe. <\/p>\n\n\n\n<!--more-->\n\n\n\n<p>Av\u0161ak za predpokladu, \u017ee sme napojen\u00ed na Je\u017ei\u0161a a Jeho L\u00e1sku. Od koho som z\u00e1visl\u00fd JA?<\/p>\n\n\n\n<p>Sv\u00e4t\u00e9 om\u0161e u n\u00e1s:<\/p>\n\n\n\n<p>sobota \u2013 4. m\u00e1ja<\/p>\n\n\n\n<p><a><\/a>17:00 \u2013 Hrub\u00e1 Bor\u0161a (slov.\/ma\u010f.)<\/p>\n\n\n\n<p>18:00 \u2013 Kostoln\u00e1 (slov.)<\/p>\n\n\n\n<p>nede\u013ea \u2013 5. m\u00e1ja<\/p>\n\n\n\n<p>8:00 \u2013 Hrub\u00fd \u0160\u00far (ma\u010f.)<\/p>\n\n\n\n<p>9:30 \u2013 Kostoln\u00e1 (ma\u010f.)<\/p>\n\n\n\n<p>11:00 \u2013 Kostoln\u00e1 (slov.)<\/p>\n\n\n\n<p>V t\u00fato nede\u013eu bude v Kostolnej o 11:00 \u201crodinn\u00e1\u201d sv\u00e4t\u00e1 om\u0161a. Chr\u00e1mom bude znie\u0165 pestr\u00fd spev a mnoh\u00e9 hudobn\u00e9 n\u00e1stroje. Poz\u00fdvame v\u0161etk\u00fdch. Parkovanie pre aut\u00e1 zabezpe\u010den\u00e9 aj vzadu na farskej z\u00e1hrade.<\/p>\n\n\n\n<p>V tento pondelok, 6. m\u00e1ja, je celod\u0148ov\u00e1 v\u00fdro\u010dn\u00e1 poklona pred Sviatos\u0165ou Olt\u00e1rnou od 9:00 do 18:00 vo farskom kostole v Kostolnej. Rozpis je na n\u00e1stenke. Vyu\u017eite tento \u010das a pr\u00ed\u010fte sa st\u00ed\u0161i\u0165 v modlitbe do Bo\u017eieho chr\u00e1mu.<\/p>\n\n\n\n<p>Sviatos\u0165 zmierenia pon\u00fakam v tento t\u00fd\u017ede\u0148 v pondelok od 16:00 do 18:00 a v piatok od 16:00 do 17:00 v Kostolnej pod pr\u00edstre\u0161kom. V tom \u010dase bude v kostole tie\u017e ador\u00e1cia.<\/p>\n\n\n\n<p>V utorok sv\u00e4t\u00e1 om\u0161a nebude.<\/p>\n\n\n\n<p>Vo \u0161tvrtok n\u00e1m pripad\u00e1 cirkevne prik\u00e1zan\u00fd sviatok Nanebovst\u00fapenia P\u00e1na. Sv\u00e4t\u00e9 om\u0161e bud\u00fa nasledovne:<\/p>\n\n\n\n<p>V predve\u010der sviatku v stredu \u2013 8. m\u00e1ja<\/p>\n\n\n\n<p>17:00 \u2013 Hrub\u00e1 Bor\u0161a (slov.\/ma\u010f.)<\/p>\n\n\n\n<p>18:00 \u2013 Kostoln\u00e1 (slov.)<\/p>\n\n\n\n<p>\u0161tvrtok \u2013 9. m\u00e1ja<\/p>\n\n\n\n<p>17:00 \u2013 Kostoln\u00e1 (ma\u010f.)<\/p>\n\n\n\n<p>18:00 \u2013 Kostoln\u00e1 (slov.)<\/p>\n\n\n\n<p>19:00 \u2013 Hrub\u00fd \u0160\u00far (ma\u010f.)<\/p>\n\n\n\n<p>V piatok bude v Hrubom \u0160\u00fare o 19:00 sv\u00e4t\u00e1 om\u0161a so zrete\u013eom na deti a ml\u00e1de\u017e v ma\u010farskom jazyku.<\/p>\n\n\n\n<p>V m\u00e1ji sa modlievame pred sv. om\u0161ami Loret\u00e1nske lit\u00e1nie.<\/p>\n\n\n\n<p>\u010eakujem v\u0161etk\u00fdm, ktor\u00fd ste sa rozhodli darova\u0165 svoje 2 % na \u201eZdru\u017eenie Senec a okolie\u201c. T\u00ed, ktor\u00ed mi e\u0161te neodovzdali potvrdenie (sta\u010d\u00ed aj napr. cez WhatsApp), nech tak urobia \u010d\u00edm sk\u00f4r. \u010eakujem.<\/p>\n\n\n\n<p>O t\u00fd\u017ede\u0148 bude vo v\u0161etk\u00fdch kostoloch na Slovensku zbierka na katol\u00edcke masm\u00e9di\u00e1.<\/p>\n\n\n\n<p>S \u00factou,<\/p>\n\n\n\n<p>Pavol Gajdo\u0161, v\u00e1\u0161 far\u00e1r<\/p>\n","protected":false},"excerpt":{"rendered":"<p>Pr\u00edkaz l\u00e1sky a slu\u017eby \u2013 slu\u017ebou rastieme v l\u00e1ske a l\u00e1skou rastieme k slu\u017ebe.<\/p>\n","protected":false},"author":1,"featured_media":8999,"comment_status":"open","ping_status":"open","sticky":false,"template":"","format":"standard","meta":{"footnotes":""},"categories":[13],"tags":[],"class_list":{"0":"entry","1":"post","2":"publish","3":"author-marian-jasenoveceltras-sk","4":"has-more-link","5":"post-8998","7":"format-standard","8":"has-post-thumbnail","9":"category-oznamy"},"_links":{"self":[{"href":"https:\/\/www.farakostolna.sk\/index.php?rest_route=\/wp\/v2\/posts\/8998","targetHints":{"allow":["GET"]}}],"collection":[{"href":"https:\/\/www.farakostolna.sk\/index.php?rest_route=\/wp\/v2\/posts"}],"about":[{"href":"https:\/\/www.farakostolna.sk\/index.php?rest_route=\/wp\/v2\/types\/post"}],"author":[{"embeddable":true,"href":"https:\/\/www.farakostolna.sk\/index.php?rest_route=\/wp\/v2\/users\/1"}],"replies":[{"embeddable":true,"href":"https:\/\/www.farakostolna.sk\/index.php?rest_route=%2Fwp%2Fv2%2Fcomments&post=8998"}],"version-history":[{"count":2,"href":"https:\/\/www.farakostolna.sk\/index.php?rest_route=\/wp\/v2\/posts\/8998\/revisions"}],"predecessor-version":[{"id":9001,"href":"https:\/\/www.farakostolna.sk\/index.php?rest_route=\/wp\/v2\/posts\/8998\/revisions\/9001"}],"wp:featuredmedia":[{"embeddable":true,"href":"https:\/\/www.farakostolna.sk\/index.php?rest_route=\/wp\/v2\/media\/8999"}],"wp:attachment":[{"href":"https:\/\/www.farakostolna.sk\/index.php?rest_route=%2Fwp%2Fv2%2Fmedia&parent=8998"}],"wp:term":[{"taxonomy":"category","embeddable":true,"href":"https:\/\/www.farakostolna.sk\/index.php?rest_route=%2Fwp%2Fv2%2Fcategories&post=8998"},{"taxonomy":"post_tag","embeddable":true,"href":"https:\/\/www.farakostolna.sk\/index.php?rest_route=%2Fwp%2Fv2%2Ftags&post=8998"}],"curies":[{"name":"wp","href":"https:\/\/api.w.org\/{rel}","templated":true}]}}