{"id":8995,"date":"2024-08-25T21:24:34","date_gmt":"2024-08-25T19:24:34","guid":{"rendered":"https:\/\/www.farakostolna.sk\/?p=8995"},"modified":"2024-08-25T21:24:34","modified_gmt":"2024-08-25T19:24:34","slug":"farske-oznamy-a-zamyslenie-27-04-2024","status":"publish","type":"post","link":"https:\/\/www.farakostolna.sk\/?p=8995","title":{"rendered":"Farsk\u00e9 oznamy a zamyslenie (27.04.2024)"},"content":{"rendered":"\n<p>Bezo m\u0148a ni\u010d nem\u00f4\u017eete urobi\u0165\u2026 tr\u00fafal\u00e9? Ale, \u010di cel\u00e9 dejiny a zvl\u00e1\u0161\u0165 s\u00fa\u010dasnos\u0165 n\u00e1m nepotvrdzuj\u00fa tieto Je\u017ei\u0161ove slov\u00e1? Na koho sa spoliehame my?<\/p>\n\n\n<a class=\"wp-block-read-more\" href=\"https:\/\/www.farakostolna.sk\/?p=8995\" target=\"_self\">Read more<span class=\"screen-reader-text\">: Farsk\u00e9 oznamy a zamyslenie (27.04.2024)<\/span><\/a>\n\n\n<p>sobota \u2013 27. apr\u00edla<\/p>\n\n\n\n<p>17:00 \u2013 Hrub\u00e1 Bor\u0161a (slov.\/ma\u010f.)<\/p>\n\n\n\n<p><a><\/a>18:00 \u2013 Kostoln\u00e1 (slov.)<\/p>\n\n\n\n<p>nede\u013ea \u2013 28. apr\u00edla<\/p>\n\n\n\n<p>8:00 \u2013 Hrub\u00fd \u0160\u00far (ma\u010f.)<\/p>\n\n\n\n<p>9:30 \u2013 Kostoln\u00e1 (ma\u010f.)<\/p>\n\n\n\n<p>11:00 \u2013 Kostoln\u00e1 (slov.)<\/p>\n\n\n\n<p>V t\u00fato nede\u013eu sa k n\u00e1m prihovor\u00ed na sv\u00e4t\u00fdch om\u0161iach o 8:00 a 9:30 o. Jozef T\u00f3th, SDB, dlh\u00e9 roky sl\u00fa\u017eiaci v Rusku v studenej Sib\u00edrii. Na sv\u00e4tej om\u0161i o 11:00 budeme po\u010du\u0165 siln\u00e9 svedectvo z rovn\u00edkovej Afriky. Sv\u00e4t\u00fa om\u0161u bude koncelebrova\u0165 gr\u00e9ckokatol\u00edcky k\u0148az Kamil Dr\u00e1b.<\/p>\n\n\n\n<p>V utorok bude v na\u0161ej farnosti rekolekcia k\u0148azov seneck\u00e9ho dekan\u00e1tu. Sv\u00e4t\u00e1 om\u0161a nie je verejn\u00e1, lebo program rekolekcie je na sp\u00f4sob duchovnej obnovy pre k\u0148azov.<\/p>\n\n\n\n<p>V stredu bude o 18:00 sv\u00e4t\u00e1 om\u0161a so zrete\u013eom na deti v slovenskom jazyku.<\/p>\n\n\n\n<p>Sviatos\u0165 zmierenia pon\u00fakam v tento prvopiatkov\u00fd t\u00fd\u017ede\u0148 v stredu, \u0161tvrtok a piatok od 16:00 do 17:00 v Kostolnej pod pr\u00edstre\u0161kom. V tom \u010dase bude v kostole ador\u00e1cia.<\/p>\n\n\n\n<p>V piatok bude v Hrubom \u0160\u00fare o 19:00 sv\u00e4t\u00e1 om\u0161a so zrete\u013eom na deti a ml\u00e1de\u017e v ma\u010farskom jazyku.<\/p>\n\n\n\n<p>O t\u00fd\u017ede\u0148 v nede\u013eu bude v Kostolnej o 11:00 \u201crodinn\u00e1\u201d sv\u00e4t\u00e1 om\u0161a. Poz\u00fdvame v\u0161etk\u00fdch.<\/p>\n\n\n\n<p>Minulot\u00fd\u017ed\u0148ov\u00e1 zbierka v r\u00e1mci nedele Dobr\u00e9ho Pastiera na semin\u00e1r vyniesla v na\u0161ej farnosti spolu 851,81 \u20ac, z toho v Kostolnej 588,11 \u20ac, Hrubom \u0160\u00fare 185 \u20ac a Hrubej Bor\u0161i 78,70 \u20ac. Peniaze som u\u017e preposlal na dan\u00fd \u00fa\u010det. \u010eakujem.<\/p>\n\n\n\n<p>E\u0161te st\u00e1le je mo\u017en\u00e9 darova\u0165 2 % z dan\u00ed na \u201eZdru\u017eenie Senec a okolie\u201c, z ktor\u00e9ho potom m\u00f4\u017eeme \u010derpa\u0165 prostriedky na opravu farsk\u00e9ho kostola. Tla\u010div\u00e1 s\u00fa k dispoz\u00edcii na farskej str\u00e1nke.<\/p>\n\n\n\n<p>\u010eakujem v\u0161etk\u00fdm, ktor\u00ed tento t\u00fd\u017ede\u0148 vykonali brig\u00e1dnick\u00e9 pr\u00e1ce na fare a vo farskej z\u00e1hrade. Bez pomoci usilovn\u00fdch \u017eien a mu\u017eov by farnos\u0165 sotva mohla fungova\u0165. E\u0161te raz v\u00e1m ve\u013emi pekne \u010fakujem.<\/p>\n\n\n\n<p>S \u00factou,<\/p>\n\n\n\n<p>Pavol Gajdo\u0161, v\u00e1\u0161 far\u00e1r<\/p>\n","protected":false},"excerpt":{"rendered":"<p>Bezo m\u0148a ni\u010d nem\u00f4\u017eete urobi\u0165\u2026 tr\u00fafal\u00e9? Ale, \u010di cel\u00e9 dejiny a zvl\u00e1\u0161\u0165 s\u00fa\u010dasnos\u0165 n\u00e1m nepotvrdzuj\u00fa tieto Je\u017ei\u0161ove slov\u00e1? Na koho sa spoliehame my? sobota \u2013 27. apr\u00edla 17:00 \u2013 Hrub\u00e1 Bor\u0161a (slov.\/ma\u010f.) 18:00 \u2013 Kostoln\u00e1 (slov.) nede\u013ea \u2013 28. apr\u00edla 8:00 \u2013 Hrub\u00fd \u0160\u00far (ma\u010f.) 9:30 \u2013 Kostoln\u00e1 (ma\u010f.) 11:00 \u2013 Kostoln\u00e1 (slov.) V t\u00fato &#8230; <span class=\"more\"><a class=\"more-link\" href=\"https:\/\/www.farakostolna.sk\/?p=8995\">[\u010c\u00edta\u0165 \u010falej&#8230;]<\/a><\/span><\/p>\n","protected":false},"author":1,"featured_media":8996,"comment_status":"open","ping_status":"open","sticky":false,"template":"","format":"standard","meta":{"footnotes":""},"categories":[13],"tags":[],"class_list":{"0":"entry","1":"post","2":"publish","3":"author-marian-jasenoveceltras-sk","4":"post-8995","6":"format-standard","7":"has-post-thumbnail","8":"category-oznamy"},"_links":{"self":[{"href":"https:\/\/www.farakostolna.sk\/index.php?rest_route=\/wp\/v2\/posts\/8995","targetHints":{"allow":["GET"]}}],"collection":[{"href":"https:\/\/www.farakostolna.sk\/index.php?rest_route=\/wp\/v2\/posts"}],"about":[{"href":"https:\/\/www.farakostolna.sk\/index.php?rest_route=\/wp\/v2\/types\/post"}],"author":[{"embeddable":true,"href":"https:\/\/www.farakostolna.sk\/index.php?rest_route=\/wp\/v2\/users\/1"}],"replies":[{"embeddable":true,"href":"https:\/\/www.farakostolna.sk\/index.php?rest_route=%2Fwp%2Fv2%2Fcomments&post=8995"}],"version-history":[{"count":1,"href":"https:\/\/www.farakostolna.sk\/index.php?rest_route=\/wp\/v2\/posts\/8995\/revisions"}],"predecessor-version":[{"id":8997,"href":"https:\/\/www.farakostolna.sk\/index.php?rest_route=\/wp\/v2\/posts\/8995\/revisions\/8997"}],"wp:featuredmedia":[{"embeddable":true,"href":"https:\/\/www.farakostolna.sk\/index.php?rest_route=\/wp\/v2\/media\/8996"}],"wp:attachment":[{"href":"https:\/\/www.farakostolna.sk\/index.php?rest_route=%2Fwp%2Fv2%2Fmedia&parent=8995"}],"wp:term":[{"taxonomy":"category","embeddable":true,"href":"https:\/\/www.farakostolna.sk\/index.php?rest_route=%2Fwp%2Fv2%2Fcategories&post=8995"},{"taxonomy":"post_tag","embeddable":true,"href":"https:\/\/www.farakostolna.sk\/index.php?rest_route=%2Fwp%2Fv2%2Ftags&post=8995"}],"curies":[{"name":"wp","href":"https:\/\/api.w.org\/{rel}","templated":true}]}}