{"id":8989,"date":"2024-08-25T21:22:07","date_gmt":"2024-08-25T19:22:07","guid":{"rendered":"https:\/\/www.farakostolna.sk\/?p=8989"},"modified":"2024-08-25T21:22:08","modified_gmt":"2024-08-25T19:22:08","slug":"farske-oznamy-a-zamyslenie-14-04-2024","status":"publish","type":"post","link":"https:\/\/www.farakostolna.sk\/?p=8989","title":{"rendered":"Farsk\u00e9 oznamy a zamyslenie (14.04.2024)"},"content":{"rendered":"\n<p>V \u0161kole n\u00e1s u\u010dia neraz n\u00e1ro\u010dn\u00e9 predmety u\u010ditelia, v zamestnan\u00ed n\u00e1s za\u00fa\u010daj\u00fa kolegovia a kto n\u00e1m vysvet\u013euje P\u00edsmo? Pros\u00edme Ducha Sv\u00e4t\u00e9ho aj my, aby n\u00e1m otvoril srdce pre posolstvo, ktor\u00e9 je pre n\u00e1s od vekov nachystan\u00e9?<\/p>\n\n\n<a class=\"wp-block-read-more\" href=\"https:\/\/www.farakostolna.sk\/?p=8989\" target=\"_self\">Read more<span class=\"screen-reader-text\">: Farsk\u00e9 oznamy a zamyslenie (14.04.2024)<\/span><\/a>\n\n\n<p>Sv\u00e4t\u00e9 om\u0161e u n\u00e1s:<\/p>\n\n\n\n<p>sobota \u2013 13. apr\u00edla<\/p>\n\n\n\n<p><a><\/a>17:00 \u2013 Hrub\u00e1 Bor\u0161a (slov.\/ma\u010f.)<\/p>\n\n\n\n<p>18:00 \u2013 Kostoln\u00e1 (slov.)<\/p>\n\n\n\n<p>nede\u013ea \u2013 14. apr\u00edla<\/p>\n\n\n\n<p>8:00 \u2013 Hrub\u00fd \u0160\u00far (ma\u010f.)<\/p>\n\n\n\n<p>9:30 \u2013 Kostoln\u00e1 (ma\u010f.)<\/p>\n\n\n\n<p>11:00 \u2013 Kostoln\u00e1 (slov.)<\/p>\n\n\n\n<p>Sviatos\u0165 zmierenia pon\u00fakam tento t\u00fd\u017ede\u0148 v stredu, \u0161tvrtok a piatok od 16:00 do 17:00 v Kostolnej pod pr\u00edstre\u0161kom. V tom \u010dase bude v kostole ador\u00e1cia.<\/p>\n\n\n\n<p>V stredu bude v Kostolnej o 18:00 sv\u00e4t\u00e1 om\u0161a so zrete\u013eom na deti v slovenskom jazyku a v piatok bude v Hrubom \u0160\u00fare o 19:00 sv\u00e4t\u00e1 om\u0161a so zrete\u013eom na deti a ml\u00e1de\u017e v ma\u010farskom jazyku.<\/p>\n\n\n\n<p>Aj tento rok je mo\u017en\u00e9 darova\u0165 2 % z dan\u00ed na \u201eZdru\u017eenie Senec a okolie\u201c, z ktor\u00e9ho potom m\u00f4\u017eeme \u010derpa\u0165 prostriedky na opravu farsk\u00e9ho kostola. Tla\u010div\u00e1 s\u00fa k dispoz\u00edcii na farskej str\u00e1nke.<\/p>\n\n\n\n<p>Bor\u0161ansk\u00e1 Kaplnka sv. Roz\u00e1lie postaven\u00e1 v roku 1937 \u2013 teda skoro 90 ro\u010dn\u00e1 stavba \u2013 m\u00e1 u\u017e viacero defektov a preto sa veriaci z Bor\u0161e rozhodli obnovi\u0165 a renovova\u0165 kaplnku z vonkaj\u0161ej strany a da\u0165 jej tak \u010dist\u00fd a d\u00f4stojn\u00fd vzh\u013ead. Z\u00e1rove\u0148 bude obnoven\u00e1 aj zvonica a kr\u00ed\u017e ako pred kostolom, tak aj pri vstupe do Hrubej Bor\u0161e. Cel\u00e1 renov\u00e1cia bude st\u00e1\u0165 cca 15 tis\u00edc eur, ch\u00fdba n\u00e1m e\u0161te cca 5000 eur. Preto sa obraciame na v\u0161etk\u00fdch veriacich na\u0161ej farnosti s prosbou o dobrovo\u013en\u00fd finan\u010dn\u00fd pr\u00edspevok.<\/p>\n\n\n\n<p>Tento v\u00edkend bude pravideln\u00e1 mesa\u010dn\u00e1 zbierka na opravu farsk\u00e9ho kostola a prev\u00e1dzkov\u00e9 n\u00e1klady farnosti, v Hrubom \u0160\u00fare na prev\u00e1dzkov\u00e9 n\u00e1klady farnosti a potreby \u0161\u00farskej kaplnky a v Hrubej Bor\u0161i na spom\u00ednan\u00fa opravu bor\u0161anskej kaplnky. Vopred ve\u013emi pekne \u010fakujem.<\/p>\n\n\n\n<p>O t\u00fd\u017ede\u0148, na nede\u013eu Dobr\u00e9ho Pastiera bude zbierka na semin\u00e1r. Tie\u017e vopred \u010fakujem.<\/p>\n\n\n\n<p>S \u00factou,<\/p>\n\n\n\n<p>Pavol Gajdo\u0161, v\u00e1\u0161 far\u00e1r<\/p>\n","protected":false},"excerpt":{"rendered":"<p>V \u0161kole n\u00e1s u\u010dia neraz n\u00e1ro\u010dn\u00e9 predmety u\u010ditelia, v zamestnan\u00ed n\u00e1s za\u00fa\u010daj\u00fa kolegovia a kto n\u00e1m vysvet\u013euje P\u00edsmo? Pros\u00edme Ducha Sv\u00e4t\u00e9ho aj my, aby n\u00e1m otvoril srdce pre posolstvo, ktor\u00e9 je pre n\u00e1s od vekov nachystan\u00e9? Sv\u00e4t\u00e9 om\u0161e u n\u00e1s: sobota \u2013 13. apr\u00edla 17:00 \u2013 Hrub\u00e1 Bor\u0161a (slov.\/ma\u010f.) 18:00 \u2013 Kostoln\u00e1 (slov.) nede\u013ea \u2013 &#8230; <span class=\"more\"><a class=\"more-link\" href=\"https:\/\/www.farakostolna.sk\/?p=8989\">[\u010c\u00edta\u0165 \u010falej&#8230;]<\/a><\/span><\/p>\n","protected":false},"author":1,"featured_media":8990,"comment_status":"open","ping_status":"open","sticky":false,"template":"","format":"standard","meta":{"footnotes":""},"categories":[13],"tags":[],"class_list":{"0":"entry","1":"post","2":"publish","3":"author-marian-jasenoveceltras-sk","4":"post-8989","6":"format-standard","7":"has-post-thumbnail","8":"category-oznamy"},"_links":{"self":[{"href":"https:\/\/www.farakostolna.sk\/index.php?rest_route=\/wp\/v2\/posts\/8989","targetHints":{"allow":["GET"]}}],"collection":[{"href":"https:\/\/www.farakostolna.sk\/index.php?rest_route=\/wp\/v2\/posts"}],"about":[{"href":"https:\/\/www.farakostolna.sk\/index.php?rest_route=\/wp\/v2\/types\/post"}],"author":[{"embeddable":true,"href":"https:\/\/www.farakostolna.sk\/index.php?rest_route=\/wp\/v2\/users\/1"}],"replies":[{"embeddable":true,"href":"https:\/\/www.farakostolna.sk\/index.php?rest_route=%2Fwp%2Fv2%2Fcomments&post=8989"}],"version-history":[{"count":1,"href":"https:\/\/www.farakostolna.sk\/index.php?rest_route=\/wp\/v2\/posts\/8989\/revisions"}],"predecessor-version":[{"id":8991,"href":"https:\/\/www.farakostolna.sk\/index.php?rest_route=\/wp\/v2\/posts\/8989\/revisions\/8991"}],"wp:featuredmedia":[{"embeddable":true,"href":"https:\/\/www.farakostolna.sk\/index.php?rest_route=\/wp\/v2\/media\/8990"}],"wp:attachment":[{"href":"https:\/\/www.farakostolna.sk\/index.php?rest_route=%2Fwp%2Fv2%2Fmedia&parent=8989"}],"wp:term":[{"taxonomy":"category","embeddable":true,"href":"https:\/\/www.farakostolna.sk\/index.php?rest_route=%2Fwp%2Fv2%2Fcategories&post=8989"},{"taxonomy":"post_tag","embeddable":true,"href":"https:\/\/www.farakostolna.sk\/index.php?rest_route=%2Fwp%2Fv2%2Ftags&post=8989"}],"curies":[{"name":"wp","href":"https:\/\/api.w.org\/{rel}","templated":true}]}}