{"id":8983,"date":"2024-08-25T21:19:18","date_gmt":"2024-08-25T19:19:18","guid":{"rendered":"https:\/\/www.farakostolna.sk\/?p=8983"},"modified":"2024-08-25T21:20:51","modified_gmt":"2024-08-25T19:20:51","slug":"farske-oznamy-a-zamyslenie-06-04-2024","status":"publish","type":"post","link":"https:\/\/www.farakostolna.sk\/?p=8983","title":{"rendered":"Farsk\u00e9 oznamy a zamyslenie (06.04.2024)"},"content":{"rendered":"\n<p>Pokoj v\u00e1m. Apo\u0161toli to od Je\u017ei\u0161a pri prv\u00fdch stretnutiach po\u010duli trikr\u00e1t. Nevy\u010d\u00edtal im zbabelos\u0165, zradu a ani ned\u00f4veru. Naopak, odovzd\u00e1 im moc odp\u00fa\u0161\u0165ania hriechov. Dok\u00e1\u017eeme plni\u0165 aj my Jeho v\u00fdzvu? Sme schopn\u00ed postavi\u0165 sa na stranu pokoja?<\/p>\n\n\n<a class=\"wp-block-read-more\" href=\"https:\/\/www.farakostolna.sk\/?p=8983\" target=\"_self\">Read more<span class=\"screen-reader-text\">: Farsk\u00e9 oznamy a zamyslenie (06.04.2024)<\/span><\/a>\n\n\n<p>Sv\u00e4t\u00e9 om\u0161e u n\u00e1s:<\/p>\n\n\n\n<p>sobota \u2013 6. apr\u00edla<\/p>\n\n\n\n<p><a><\/a>17:00 \u2013 Hrub\u00e1 Bor\u0161a (slov.\/ma\u010f.)<\/p>\n\n\n\n<p>18:00 \u2013 Kostoln\u00e1 (slov.)<\/p>\n\n\n\n<p>nede\u013ea \u2013 7. apr\u00edla<\/p>\n\n\n\n<p>8:00 \u2013 Hrub\u00fd \u0160\u00far (ma\u010f.)<\/p>\n\n\n\n<p>9:30 \u2013 Kostoln\u00e1 (ma\u010f.)<\/p>\n\n\n\n<p>11:00 \u2013 Kostoln\u00e1 (slov.)<\/p>\n\n\n\n<p>V t\u00fato nede\u013eu bude v Kostolnej o 11:00 tzv. \u201crodinn\u00e1\u201d sv\u00e4t\u00e1 om\u0161a. Osobitne t\u00fdmto poz\u00fdvame v\u0161etky deti spolu s rodi\u010dmi. Parkovanie autami je mo\u017en\u00e9 odzadu op\u00e4\u0165 aj na farskej z\u00e1hrade.<\/p>\n\n\n\n<p>V t\u00fato nede\u013eu Bo\u017eieho milosrdenstva sa v Kostolnej o 15:00 pomodl\u00edme korunku k Bo\u017eiemu milosrdenstvu.<\/p>\n\n\n\n<p>Sviatos\u0165 zmierenia pon\u00fakam tento t\u00fd\u017ede\u0148 v stredu a vo \u0161tvrtok od 17:00 do 18:00 v Kostolnej pod pr\u00edstre\u0161kom. V tom \u010dase bude v kostole ador\u00e1cia.<\/p>\n\n\n\n<p>V piatok bude v Hrubom \u0160\u00fare o 19:00 sv\u00e4t\u00e1 om\u0161a so zrete\u013eom na deti a ml\u00e1de\u017e v ma\u010farskom jazyku.<\/p>\n\n\n\n<p>Zbierka pri Bo\u017eom hrobe vyniesla v na\u0161ej farnosti spolu 536,25 \u20ac. Z toho v Kostolnej 419,15 \u20ac, v Hrubom \u0160\u00fare 74 \u20ac a v Hrubej Bor\u0161i 43,10 \u20ac. Peniaze som u\u017e poslal na dan\u00fd \u00fa\u010det. T\u00fdmito prostriedkami sa pom\u00e1ha kres\u0165anom vo Sv\u00e4tej zemi.<\/p>\n\n\n\n<p>Aj tento rok je mo\u017en\u00e9 darova\u0165 2 % z dan\u00ed na \u201eZdru\u017eenie Senec a okolie\u201c, z ktor\u00e9ho potom m\u00f4\u017eeme \u010derpa\u0165 prostriedky na opravu farsk\u00e9ho kostola. Tla\u010div\u00e1 s\u00fa k dispoz\u00edcii na farskej str\u00e1nke.<\/p>\n\n\n\n<p>Bor\u0161ansk\u00e1 Kaplnka sv. Roz\u00e1lie postaven\u00e1 v roku 1937 \u2013 teda skoro 90 ro\u010dn\u00e1 stavba m\u00e1 u\u017e viacero defektov a preto sa veriaci z Bor\u0161e rozhodli obnovi\u0165 a renovova\u0165 kaplnku z vonkaj\u0161ej strany a da\u0165 jej tak \u010dist\u00fd a d\u00f4stojn\u00fd vzh\u013ead. Obnova bude trva\u0165 cca 1 mesiac a bude pozost\u00e1va\u0165 zo san\u00e1cie omietky celej budovy a obnovenia v\u0161etk\u00fdch n\u00e1terov dreven\u00fdch a kovov\u00fdch pl\u00f4ch. O\u010distenie a \u010diasto\u010dn\u00e1 v\u00fdmena stre\u0161n\u00fdch kryt\u00edn, \u00faprava elektrorozvodov a s t\u00fdm s\u00favisiace pr\u00e1ce. Z\u00e1rove\u0148 bude obnoven\u00e1 aj zvonica a kr\u00ed\u017e ako pred kostolom, tak aj pri vstupe do Hrubej Bor\u0161e. Cel\u00e1 renov\u00e1cia bude st\u00e1\u0165 cca 15 tis\u00edc eur. Financovan\u00e1 bude z dlhoro\u010dnej zbierky na obnovu \u010do \u010din\u00ed cca 9500 eur. Zvy\u0161n\u00fa \u010das\u0165 5000 eur je potrebn\u00e9 e\u0161te dofinancova\u0165. Preto sa obraciame na v\u0161etk\u00fdch veriacich na\u0161ej farnosti s prosbou o dobrovo\u013en\u00fd finan\u010dn\u00fd pr\u00edspevok.<\/p>\n\n\n\n<p>O t\u00fd\u017ede\u0148 bude pravideln\u00e1 mesa\u010dn\u00e1 zbierka na opravu farsk\u00e9ho kostola a prev\u00e1dzkov\u00e9 n\u00e1klady farnosti, v Hrubom \u0160\u00fare na prev\u00e1dzkov\u00e9 n\u00e1klady farnosti a potreby \u0161\u00farskej kaplnky a v Hrubej Bor\u0161i na spom\u00ednan\u00fa opravu kaplnky. Vopred ve\u013emi pekne \u010fakujem.<\/p>\n\n\n\n<p>S \u00factou,<\/p>\n\n\n\n<p>Pavol Gajdo\u0161, v\u00e1\u0161 far\u00e1r<\/p>\n","protected":false},"excerpt":{"rendered":"<p>Pokoj v\u00e1m. Apo\u0161toli to od Je\u017ei\u0161a pri prv\u00fdch stretnutiach po\u010duli trikr\u00e1t. Nevy\u010d\u00edtal im zbabelos\u0165, zradu a ani ned\u00f4veru. Naopak, odovzd\u00e1 im moc odp\u00fa\u0161\u0165ania hriechov. Dok\u00e1\u017eeme plni\u0165 aj my Jeho v\u00fdzvu? Sme schopn\u00ed postavi\u0165 sa na stranu pokoja? Sv\u00e4t\u00e9 om\u0161e u n\u00e1s: sobota \u2013 6. apr\u00edla 17:00 \u2013 Hrub\u00e1 Bor\u0161a (slov.\/ma\u010f.) 18:00 \u2013 Kostoln\u00e1 (slov.) nede\u013ea &#8230; <span class=\"more\"><a class=\"more-link\" href=\"https:\/\/www.farakostolna.sk\/?p=8983\">[\u010c\u00edta\u0165 \u010falej&#8230;]<\/a><\/span><\/p>\n","protected":false},"author":1,"featured_media":8984,"comment_status":"open","ping_status":"open","sticky":false,"template":"","format":"standard","meta":{"footnotes":""},"categories":[13],"tags":[],"class_list":{"0":"entry","1":"post","2":"publish","3":"author-marian-jasenoveceltras-sk","4":"post-8983","6":"format-standard","7":"has-post-thumbnail","8":"category-oznamy"},"_links":{"self":[{"href":"https:\/\/www.farakostolna.sk\/index.php?rest_route=\/wp\/v2\/posts\/8983","targetHints":{"allow":["GET"]}}],"collection":[{"href":"https:\/\/www.farakostolna.sk\/index.php?rest_route=\/wp\/v2\/posts"}],"about":[{"href":"https:\/\/www.farakostolna.sk\/index.php?rest_route=\/wp\/v2\/types\/post"}],"author":[{"embeddable":true,"href":"https:\/\/www.farakostolna.sk\/index.php?rest_route=\/wp\/v2\/users\/1"}],"replies":[{"embeddable":true,"href":"https:\/\/www.farakostolna.sk\/index.php?rest_route=%2Fwp%2Fv2%2Fcomments&post=8983"}],"version-history":[{"count":1,"href":"https:\/\/www.farakostolna.sk\/index.php?rest_route=\/wp\/v2\/posts\/8983\/revisions"}],"predecessor-version":[{"id":8985,"href":"https:\/\/www.farakostolna.sk\/index.php?rest_route=\/wp\/v2\/posts\/8983\/revisions\/8985"}],"wp:featuredmedia":[{"embeddable":true,"href":"https:\/\/www.farakostolna.sk\/index.php?rest_route=\/wp\/v2\/media\/8984"}],"wp:attachment":[{"href":"https:\/\/www.farakostolna.sk\/index.php?rest_route=%2Fwp%2Fv2%2Fmedia&parent=8983"}],"wp:term":[{"taxonomy":"category","embeddable":true,"href":"https:\/\/www.farakostolna.sk\/index.php?rest_route=%2Fwp%2Fv2%2Fcategories&post=8983"},{"taxonomy":"post_tag","embeddable":true,"href":"https:\/\/www.farakostolna.sk\/index.php?rest_route=%2Fwp%2Fv2%2Ftags&post=8983"}],"curies":[{"name":"wp","href":"https:\/\/api.w.org\/{rel}","templated":true}]}}