{"id":8980,"date":"2024-08-25T21:17:34","date_gmt":"2024-08-25T19:17:34","guid":{"rendered":"https:\/\/www.farakostolna.sk\/?p=8980"},"modified":"2024-08-25T21:17:35","modified_gmt":"2024-08-25T19:17:35","slug":"farske-oznamy-a-zamyslenie-31-03-2024","status":"publish","type":"post","link":"https:\/\/www.farakostolna.sk\/?p=8980","title":{"rendered":"Farsk\u00e9 oznamy a zamyslenie (31.03.2024)"},"content":{"rendered":"\n<p>A kde je Boh? On sa p\u00fdta to ist\u00e9 \u2013 kde si Ty? \u010cakal na Teba vo ve\u010deradle, v Getsemanskej z\u00e1hrade, na n\u00e1dvor\u00ed u Pil\u00e1ta, na kr\u00ed\u017ei, kde zomrel. Po Ve\u013ekej noci n\u00e1s st\u00e1le \u010dak\u00e1, \u017ee spolu s Tom\u00e1\u0161om povieme: \u201cP\u00e1n m\u00f4j a Boh m\u00f4j\u201d.<\/p>\n\n\n<a class=\"wp-block-read-more\" href=\"https:\/\/www.farakostolna.sk\/?p=8980\" target=\"_self\">Read more<span class=\"screen-reader-text\">: Farsk\u00e9 oznamy a zamyslenie (31.03.2024)<\/span><\/a>\n\n\n<p>Sv\u00e4t\u00e9 om\u0161e u n\u00e1s:<\/p>\n\n\n\n<p>Vig\u00edlia vzkriesenia \u2013 sobota ve\u010der \u2013 30. marca<\/p>\n\n\n\n<p><a><\/a>18:00 \u2013 Kostoln\u00e1 (slov.\/ma\u010f.\/lat.)<\/p>\n\n\n\n<p>Ve\u013ekono\u010dn\u00e1 nede\u013ea \u2013 31. marca<\/p>\n\n\n\n<p>8:00 \u2013 Hrub\u00fd \u0160\u00far (ma\u010f.)<\/p>\n\n\n\n<p>9:30 \u2013 Kostoln\u00e1 (ma\u010f.)<\/p>\n\n\n\n<p>11:00 \u2013 Kostoln\u00e1 (slov.)<\/p>\n\n\n\n<p>17:00 \u2013 Hrub\u00e1 Bor\u0161a (slov.\/ma\u010f.)<\/p>\n\n\n\n<p>Ve\u013ekono\u010dn\u00fd pondelok \u2013 1. apr\u00edla<\/p>\n\n\n\n<p>8:00 \u2013 Hrub\u00fd \u0160\u00far (ma\u010f.)<\/p>\n\n\n\n<p>9:30 \u2013 Kostoln\u00e1 (ma\u010f.)<\/p>\n\n\n\n<p>11:00 \u2013 Kostoln\u00e1 (slov.)<\/p>\n\n\n\n<p>V Kostolnej je k dispoz\u00edcii parkovanie op\u00e4\u0165 u\u017e aj na farskej z\u00e1hrade &#8211; asi 20 miest &#8211; vyzna\u010denom na tr\u00e1vniku. Vstup je zozadu od cesty na Kr\u00e1\u013eov\u00fa.<\/p>\n\n\n\n<p>Na ve\u013ekono\u010dn\u00fa nede\u013eu budem chor\u00fdm, ktor\u00ed sa nemohli z\u00fa\u010dastni\u0165 ve\u013ekono\u010dn\u00fdch bohoslu\u017eieb v kostole, rozn\u00e1\u0161a\u0165 po domoch \u017eiv\u00e9ho P\u00e1na Je\u017ei\u0161a v Eucharistii. V Kostolnej a Hrubom \u0160\u00fare od 14:00 do 15:00. Dajte mi, pros\u00edm, vedie\u0165 cez mojich kostoln\u00edkov, aby sa na nikoho nezabudlo.<\/p>\n\n\n\n<p>Po\u010das t\u00fd\u017ed\u0148a sa zmenili \u010dasy bohoslu\u017eieb, pros\u00edm, sledujte pozorne jednotliv\u00e9 dni na rozpise.<\/p>\n\n\n\n<p>V stredu o 18:00 bude sv\u00e4t\u00e1 om\u0161a so zrete\u013eom na deti v slovenskom jazyku.<\/p>\n\n\n\n<p>Sviatos\u0165 zmierenia pon\u00fakam tentoraz iba vo \u0161tvrtok od 17:00 do 18:00 v Kostolnej pod pr\u00edstre\u0161kom. V tom \u010dase bude v kostole ador\u00e1cia.<\/p>\n\n\n\n<p>V piatok bude v Hrubom \u0160\u00fare o 19:00 sv\u00e4t\u00e1 om\u0161a so zrete\u013eom na deti a ml\u00e1de\u017e v ma\u010farskom jazyku.<\/p>\n\n\n\n<p>Na bud\u00facu nede\u013eu Bo\u017eieho milosrdenstva bude v Kostolnej o 11:00 tzv. \u201crodinn\u00e1\u201d sv\u00e4t\u00e1 om\u0161a. Poobede o 15:00 sa pomodl\u00edme korunku k Bo\u017eiemu milosrdenstvu. Modlitba bude aj v \u0161\u00farskej kaplnke v ma\u010farskom jazyku.<\/p>\n\n\n\n<p>V t\u00fato ve\u013ekono\u010dn\u00fa nede\u013eu je ve\u013ekono\u010dn\u00e1 ofera, ktorou sa zav\u010fa\u010d\u00edme t\u00fdm, ktor\u00ed celoro\u010dne nezi\u0161tne sl\u00fa\u017eia v Bo\u017eom chr\u00e1me (kostoln\u00edci, organisti, mini\u0161tranti, \u2026). Vopred \u010fakujem.<\/p>\n\n\n\n<p>Aj tento rok je mo\u017en\u00e9 darova\u0165 2 % z dan\u00ed na \u201eZdru\u017eenie Senec a okolie\u201c, z ktor\u00e9ho potom m\u00f4\u017eeme \u010derpa\u0165 prostriedky na opravu farsk\u00e9ho kostola. Tla\u010div\u00e1 s\u00fa k dispoz\u00edcii na farskej str\u00e1nke.<\/p>\n\n\n\n<p>\u00daprimne \u010fakujem v\u0161etk\u00fdm, ktor\u00ed ak\u00fdmko\u013evek sp\u00f4sobom pomohli pri skr\u00e1\u0161len\u00ed oslavy ve\u013ekono\u010dn\u00fdch sviatkov, \u010di u\u017e sa to t\u00fdka upratovania, v\u00fdzdoby, n\u00e1dhern\u00fdch kvetov, n\u00e1dhern\u00e9ho spevu, asistencie\u2026<\/p>\n\n\n\n<p>T\u00ed, ktor\u00ed ste \u010d\u00edtali a\u017e sem, vedzte, \u017ee aj tentoraz v\u00e1s v\u0161etk\u00fdch srde\u010dne poz\u00fdvam na poh\u00e1rik dobr\u00e9ho v\u00ednka (7 druhov) a deti, \u0161of\u00e9rov na tepl\u00fd \u010daj\u00edk, malinovku dnes ve\u010der po vigilii vzkriesenia pod pr\u00edstre\u0161kom na farskom dvore. Te\u0161\u00edm sa na V\u00c1S! \u2661<\/p>\n\n\n\n<p>S \u00factou,<\/p>\n\n\n\n<p>Pavol Gajdo\u0161, v\u00e1\u0161 far\u00e1r<\/p>\n","protected":false},"excerpt":{"rendered":"<p>A kde je Boh? On sa p\u00fdta to ist\u00e9 \u2013 kde si Ty? \u010cakal na Teba vo ve\u010deradle, v Getsemanskej z\u00e1hrade, na n\u00e1dvor\u00ed u Pil\u00e1ta, na kr\u00ed\u017ei, kde zomrel. Po Ve\u013ekej noci n\u00e1s st\u00e1le \u010dak\u00e1, \u017ee spolu s Tom\u00e1\u0161om povieme: \u201cP\u00e1n m\u00f4j a Boh m\u00f4j\u201d. Sv\u00e4t\u00e9 om\u0161e u n\u00e1s: Vig\u00edlia vzkriesenia \u2013 sobota ve\u010der \u2013 &#8230; <span class=\"more\"><a class=\"more-link\" href=\"https:\/\/www.farakostolna.sk\/?p=8980\">[\u010c\u00edta\u0165 \u010falej&#8230;]<\/a><\/span><\/p>\n","protected":false},"author":1,"featured_media":8981,"comment_status":"open","ping_status":"open","sticky":false,"template":"","format":"standard","meta":{"footnotes":""},"categories":[13],"tags":[],"class_list":{"0":"entry","1":"post","2":"publish","3":"author-marian-jasenoveceltras-sk","4":"post-8980","6":"format-standard","7":"has-post-thumbnail","8":"category-oznamy"},"_links":{"self":[{"href":"https:\/\/www.farakostolna.sk\/index.php?rest_route=\/wp\/v2\/posts\/8980","targetHints":{"allow":["GET"]}}],"collection":[{"href":"https:\/\/www.farakostolna.sk\/index.php?rest_route=\/wp\/v2\/posts"}],"about":[{"href":"https:\/\/www.farakostolna.sk\/index.php?rest_route=\/wp\/v2\/types\/post"}],"author":[{"embeddable":true,"href":"https:\/\/www.farakostolna.sk\/index.php?rest_route=\/wp\/v2\/users\/1"}],"replies":[{"embeddable":true,"href":"https:\/\/www.farakostolna.sk\/index.php?rest_route=%2Fwp%2Fv2%2Fcomments&post=8980"}],"version-history":[{"count":1,"href":"https:\/\/www.farakostolna.sk\/index.php?rest_route=\/wp\/v2\/posts\/8980\/revisions"}],"predecessor-version":[{"id":8982,"href":"https:\/\/www.farakostolna.sk\/index.php?rest_route=\/wp\/v2\/posts\/8980\/revisions\/8982"}],"wp:featuredmedia":[{"embeddable":true,"href":"https:\/\/www.farakostolna.sk\/index.php?rest_route=\/wp\/v2\/media\/8981"}],"wp:attachment":[{"href":"https:\/\/www.farakostolna.sk\/index.php?rest_route=%2Fwp%2Fv2%2Fmedia&parent=8980"}],"wp:term":[{"taxonomy":"category","embeddable":true,"href":"https:\/\/www.farakostolna.sk\/index.php?rest_route=%2Fwp%2Fv2%2Fcategories&post=8980"},{"taxonomy":"post_tag","embeddable":true,"href":"https:\/\/www.farakostolna.sk\/index.php?rest_route=%2Fwp%2Fv2%2Ftags&post=8980"}],"curies":[{"name":"wp","href":"https:\/\/api.w.org\/{rel}","templated":true}]}}