{"id":8974,"date":"2024-08-25T21:14:57","date_gmt":"2024-08-25T19:14:57","guid":{"rendered":"https:\/\/www.farakostolna.sk\/?p=8974"},"modified":"2024-08-25T21:14:57","modified_gmt":"2024-08-25T19:14:57","slug":"farske-oznamy-a-zamyslenie-24-03-2024","status":"publish","type":"post","link":"https:\/\/www.farakostolna.sk\/?p=8974","title":{"rendered":"Farsk\u00e9 oznamy a zamyslenie (24.03.2024)"},"content":{"rendered":"\n<p>Ke\u010f sme v chr\u00e1me \u201cHosanna!\u201d, a vonku \u201cUkri\u017euj ho!\u201d. T\u00fa\u017eime po mieri, ale podporujeme vojnu. Dokedy bude na\u0161e srdce rozdelen\u00e9? Nem\u00f4\u017ee sl\u00fa\u017ei\u0165 dvom p\u00e1nom.<\/p>\n\n\n<a class=\"wp-block-read-more\" href=\"https:\/\/www.farakostolna.sk\/?p=8974\" target=\"_self\">Read more<span class=\"screen-reader-text\">: Farsk\u00e9 oznamy a zamyslenie (24.03.2024)<\/span><\/a>\n\n\n<p>Sv\u00e4t\u00e9 om\u0161e u n\u00e1s:<\/p>\n\n\n\n<p>sobota ve\u010der \u2013 23. marca (s nede\u013enou platnos\u0165ou)<\/p>\n\n\n\n<p><a><\/a>17:00 \u2013 Hrub\u00e1 Bor\u0161a (slov.\/ma\u010f.)<\/p>\n\n\n\n<p>18:00 \u2013 Kostoln\u00e1 (slov.)<\/p>\n\n\n\n<p>nede\u013ea \u2013 24. marca<\/p>\n\n\n\n<p>8:00 \u2013 Hrub\u00fd \u0160\u00far (ma\u010f.)<\/p>\n\n\n\n<p>9:30 \u2013 Kostoln\u00e1 (ma\u010f.)<\/p>\n\n\n\n<p>11:00 \u2013 Kostoln\u00e1 (slov.)<\/p>\n\n\n\n<p>V t\u00fato nede\u013eu sa budeme modli\u0165 kr\u00ed\u017eov\u00fa cestu o 10:30 v slovenskom jazyku za na\u0161ich mini\u0161trantov a za nov\u00e9 duchovn\u00e9 povolania. Poz\u00fdvame v\u0161etk\u00fdch.<\/p>\n\n\n\n<p>V nede\u013eu poobede (24.3.) sa spoved\u00e1 v Novej Dedinke a vo Ve\u013ekom Bieli od 15:30 do 17:30. V Kostolnej budem spoveda\u0165 e\u0161te v stredu od 16:00 do 17:00. V tom \u010dase bude v kostole ador\u00e1cia.<\/p>\n\n\n\n<p>Na Zelen\u00fd \u0161tvrtok sa v Katedr\u00e1le sv. Martina v Bratislave o 9.30 hod. za\u010dne om\u0161a sv\u00e4tenia olejov, po\u010das ktorej n\u00e1\u0161 diec\u00e9zny biskup Mons. Stanislav Zvolensk\u00fd posv\u00e4t\u00ed krizmu a po\u017eehn\u00e1 olej katechumenov a olej na pomazanie chor\u00fdch. K\u0148azi si pri tejto sv. om\u0161i obnovia s\u013euby, ktor\u00e9 zlo\u017eili pri svojej vysviacke.<\/p>\n\n\n\n<p>Na Ve\u013ek\u00fd piatok (29. marca) usporiadame spolo\u010dn\u00fa kr\u00ed\u017eov\u00fa cestu do Marianky. Autobus p\u00f4jde z Kr\u00e1\u013eovej 8:20, Hrubej Bor\u0161e od zast\u00e1vky 8:25, Kostolnej 8:30 a Hrub\u00e9ho \u0160\u00faru 8:35 od kaplnky. Povzbudzujem V\u00e1s k hojnej \u00fa\u010dasti. Cena za l\u00edstok je 5 \u20ac za dospel\u00fa osobu. Pl\u00e1novan\u00fd n\u00e1vrat je okolo obeda.<\/p>\n\n\n\n<p>Pripom\u00ednam, \u017ee na Ve\u013ek\u00fd piatok n\u00e1s zav\u00e4zuje pr\u00edsny p\u00f4st. To znamen\u00e1, \u017ee sa zdr\u017eiavame m\u00e4sit\u00e9ho pokrmu! Dospel\u00ed (od 18 do 60 roku) jedia len 3x za de\u0148, z toho len raz dos\u00fdta.<\/p>\n\n\n\n<p>Sviatos\u0165 Olt\u00e1rna bude vystaven\u00e1 k poklone vo farskom kostole v Kostolnej na Bielu sobotu od 8:00 do 18:00 pod\u013ea rozpisu. Vyu\u017eite tento \u010das a pr\u00ed\u010fte sa st\u00ed\u0161i\u0165 v modlitbe do Bo\u017eieho chr\u00e1mu.<\/p>\n\n\n\n<p>Na Bielu sobotu o 11:00 budem po\u017eehn\u00e1va\u0165 pokrm, ktor\u00fd si m\u00f4\u017eete prinies\u0165 na po\u017eehnanie do farsk\u00e9ho kostola v ko\u0161\u00edkoch.<\/p>\n\n\n\n<p>Obrady na Trojdnie v Kostolnej:<\/p>\n\n\n\n<p>Zelen\u00fd \u0161tvrtok 17:30 (S-M)<\/p>\n\n\n\n<p>Ve\u013ek\u00fd piatok 15:00 (S-M)<\/p>\n\n\n\n<p>Biela sobota 18:00 (S-M-L)<\/p>\n\n\n\n<p>Aj tento rok je mo\u017en\u00e9 darova\u0165 2 % z dan\u00ed na \u201eZdru\u017eenie Senec a okolie\u201c, z ktor\u00e9ho potom m\u00f4\u017eeme \u010derpa\u0165 prostriedky na opravu farsk\u00e9ho kostola. Tla\u010div\u00e1 s\u00fa k dispoz\u00edcii na farskej str\u00e1nke na stiahnutie. Vopred \u010fakujem.<\/p>\n\n\n\n<p>Minulot\u00fd\u017ed\u0148ov\u00e1 mesa\u010dn\u00e1 zbierka v na\u0161ej farnosti na opravu farsk\u00e9ho kostola a prev\u00e1dzkov\u00e9 n\u00e1klady farnosti vyniesla v Kostolnej 943,57 \u20ac, v Hrubej Bor\u0161i 100,50 \u20ac a v Hrubom \u0160\u00fare na prev\u00e1dzkov\u00e9 n\u00e1klady farnosti a potreby \u0161\u00farskej kaplnky 208 \u20ac. \u00daprimne \u010fakujem.<\/p>\n\n\n\n<p>S \u00factou,<\/p>\n\n\n\n<p>Pavol Gajdo\u0161, v\u00e1\u0161 far\u00e1r<\/p>\n","protected":false},"excerpt":{"rendered":"<p>Ke\u010f sme v chr\u00e1me \u201cHosanna!\u201d, a vonku \u201cUkri\u017euj ho!\u201d. T\u00fa\u017eime po mieri, ale podporujeme vojnu. Dokedy bude na\u0161e srdce rozdelen\u00e9? Nem\u00f4\u017ee sl\u00fa\u017ei\u0165 dvom p\u00e1nom. Sv\u00e4t\u00e9 om\u0161e u n\u00e1s: sobota ve\u010der \u2013 23. marca (s nede\u013enou platnos\u0165ou) 17:00 \u2013 Hrub\u00e1 Bor\u0161a (slov.\/ma\u010f.) 18:00 \u2013 Kostoln\u00e1 (slov.) nede\u013ea \u2013 24. marca 8:00 \u2013 Hrub\u00fd \u0160\u00far (ma\u010f.) 9:30 &#8230; <span class=\"more\"><a class=\"more-link\" href=\"https:\/\/www.farakostolna.sk\/?p=8974\">[\u010c\u00edta\u0165 \u010falej&#8230;]<\/a><\/span><\/p>\n","protected":false},"author":1,"featured_media":8975,"comment_status":"open","ping_status":"open","sticky":false,"template":"","format":"standard","meta":{"footnotes":""},"categories":[13],"tags":[],"class_list":{"0":"entry","1":"post","2":"publish","3":"author-marian-jasenoveceltras-sk","4":"post-8974","6":"format-standard","7":"has-post-thumbnail","8":"category-oznamy"},"_links":{"self":[{"href":"https:\/\/www.farakostolna.sk\/index.php?rest_route=\/wp\/v2\/posts\/8974","targetHints":{"allow":["GET"]}}],"collection":[{"href":"https:\/\/www.farakostolna.sk\/index.php?rest_route=\/wp\/v2\/posts"}],"about":[{"href":"https:\/\/www.farakostolna.sk\/index.php?rest_route=\/wp\/v2\/types\/post"}],"author":[{"embeddable":true,"href":"https:\/\/www.farakostolna.sk\/index.php?rest_route=\/wp\/v2\/users\/1"}],"replies":[{"embeddable":true,"href":"https:\/\/www.farakostolna.sk\/index.php?rest_route=%2Fwp%2Fv2%2Fcomments&post=8974"}],"version-history":[{"count":1,"href":"https:\/\/www.farakostolna.sk\/index.php?rest_route=\/wp\/v2\/posts\/8974\/revisions"}],"predecessor-version":[{"id":8976,"href":"https:\/\/www.farakostolna.sk\/index.php?rest_route=\/wp\/v2\/posts\/8974\/revisions\/8976"}],"wp:featuredmedia":[{"embeddable":true,"href":"https:\/\/www.farakostolna.sk\/index.php?rest_route=\/wp\/v2\/media\/8975"}],"wp:attachment":[{"href":"https:\/\/www.farakostolna.sk\/index.php?rest_route=%2Fwp%2Fv2%2Fmedia&parent=8974"}],"wp:term":[{"taxonomy":"category","embeddable":true,"href":"https:\/\/www.farakostolna.sk\/index.php?rest_route=%2Fwp%2Fv2%2Fcategories&post=8974"},{"taxonomy":"post_tag","embeddable":true,"href":"https:\/\/www.farakostolna.sk\/index.php?rest_route=%2Fwp%2Fv2%2Ftags&post=8974"}],"curies":[{"name":"wp","href":"https:\/\/api.w.org\/{rel}","templated":true}]}}