{"id":8971,"date":"2024-08-25T21:13:38","date_gmt":"2024-08-25T19:13:38","guid":{"rendered":"https:\/\/www.farakostolna.sk\/?p=8971"},"modified":"2024-08-25T21:13:38","modified_gmt":"2024-08-25T19:13:38","slug":"farske-oznamy-a-zamyslenie-17-03-2024","status":"publish","type":"post","link":"https:\/\/www.farakostolna.sk\/?p=8971","title":{"rendered":"Farsk\u00e9 oznamy a zamyslenie (17.03.2024)"},"content":{"rendered":"\n<p>Je\u017ei\u0161 ne\u010dakan\u00fdm sp\u00f4sobom naplnil v\u0161etky proroctv\u00e1 o Mesi\u00e1\u0161ovi, ktor\u00e9 sa cel\u00e9 tis\u00edcro\u010dia skr\u00fdvali v P\u00edsme. Teraz sme na rade aj my, aby sme ich objavili a nechali sa n\u00edm pritiahnu\u0165.<\/p>\n\n\n<a class=\"wp-block-read-more\" href=\"https:\/\/www.farakostolna.sk\/?p=8971\" target=\"_self\">Read more<span class=\"screen-reader-text\">: Farsk\u00e9 oznamy a zamyslenie (17.03.2024)<\/span><\/a>\n\n\n<p>Sv\u00e4t\u00e9 om\u0161e u n\u00e1s:<\/p>\n\n\n\n<p>sobota ve\u010der \u2013 16. marca (s nede\u013enou platnos\u0165ou)<\/p>\n\n\n\n<p><a><\/a>17:00 \u2013 Hrub\u00e1 Bor\u0161a (slov.\/ma\u010f.)<\/p>\n\n\n\n<p>18:00 \u2013 Kostoln\u00e1 (slov.)<\/p>\n\n\n\n<p>nede\u013ea \u2013 17. marca<\/p>\n\n\n\n<p>8:00 \u2013 Hrub\u00fd \u0160\u00far (ma\u010f.)<\/p>\n\n\n\n<p>9:30 \u2013 Kostoln\u00e1 (ma\u010f.)<\/p>\n\n\n\n<p>11:00 \u2013 Kostoln\u00e1 (slov.)<\/p>\n\n\n\n<p>V t\u00fato nede\u013eu sa budeme modli\u0165 kr\u00ed\u017eov\u00fa cestu o 10:30 v slovenskom jazyku za na\u0161ich otcov. Poz\u00fdvame v\u0161etk\u00fdch otcov, spolu s de\u0165mi a man\u017eelkami.<\/p>\n\n\n\n<p>Tento t\u00fd\u017ede\u0148 budem spoveda\u0165 v Kostolnej na farskom dvore len v piatok od 16.00 do 17:00. V tom \u010dase bude v kostole ador\u00e1cia. V stredu toti\u017e spoved\u00e1me v Tom\u00e1\u0161ove od 15:00 do 17:00 a vo \u0161tvrtok v Turni od 16:00 do 18:00. A v sobotu (23.3.) spoved\u00e1me v Senci od 9:00 do 11:30 a 15:00 do 17:00.<\/p>\n\n\n\n<p>V tento piatok budem chodi\u0165 pred sviatkami spoveda\u0165 chor\u00fdch od 9:00 do 11:00 po domoch. Nahl\u00e1ste sa, pros\u00edm, u mojich kostoln\u00edkov.<\/p>\n\n\n\n<p>Pobo\u017enos\u0165 kr\u00ed\u017eovej cesty m\u00e1vame po\u010das p\u00f4stneho obdobia v Hrubom \u0160\u00fare v\u017edy piatky o 18:30 (v ma\u010farskom jazyku), v Hrubej Bor\u0161i v soboty od 16:30 (v ma\u010farskom jazyku), a Kostolnej v piatky o 18:45 a nedele o 10:30 (v slovenskom jazyku) a v nedele poobede o 15:00 (ma\u010farskom jazyku).<\/p>\n\n\n\n<p>V stredu je v Kostolnej o 18:00 sv\u00e4t\u00e1 om\u0161a osobitne pre deti v slovenskom jazyku.<\/p>\n\n\n\n<p>V piatok je v Hrubom \u0160\u00fare o 19:00 sv\u00e4t\u00e1 om\u0161a osobitne pre deti a ml\u00e1de\u017e v ma\u010farskom jazyku.<\/p>\n\n\n\n<p>Aj tento rok je mo\u017en\u00e9 darova\u0165 2 % z dan\u00ed na \u201eZdru\u017eenie Senec a okolie\u201c, z ktor\u00e9ho potom m\u00f4\u017eeme \u010derpa\u0165 prostriedky na opravu farsk\u00e9ho kostola. Tla\u010div\u00e1 s\u00fa k dispoz\u00edcii na farskej str\u00e1nke na stiahnutie. Vopred \u010fakujem.<\/p>\n\n\n\n<p>Tento v\u00edkend bude v na\u0161ej farnosti mesa\u010dn\u00e1 zbierka na opravu farsk\u00e9ho kostola a prev\u00e1dzkov\u00e9 n\u00e1klady farnosti. Vopred ve\u013emi pekne \u010fakujem.<\/p>\n\n\n\n<p>S \u00factou,<\/p>\n\n\n\n<p>Pavol Gajdo\u0161, v\u00e1\u0161 far\u00e1r<\/p>\n","protected":false},"excerpt":{"rendered":"<p>Je\u017ei\u0161 ne\u010dakan\u00fdm sp\u00f4sobom naplnil v\u0161etky proroctv\u00e1 o Mesi\u00e1\u0161ovi, ktor\u00e9 sa cel\u00e9 tis\u00edcro\u010dia skr\u00fdvali v P\u00edsme. Teraz sme na rade aj my, aby sme ich objavili a nechali sa n\u00edm pritiahnu\u0165. Sv\u00e4t\u00e9 om\u0161e u n\u00e1s: sobota ve\u010der \u2013 16. marca (s nede\u013enou platnos\u0165ou) 17:00 \u2013 Hrub\u00e1 Bor\u0161a (slov.\/ma\u010f.) 18:00 \u2013 Kostoln\u00e1 (slov.) nede\u013ea \u2013 17. marca &#8230; <span class=\"more\"><a class=\"more-link\" href=\"https:\/\/www.farakostolna.sk\/?p=8971\">[\u010c\u00edta\u0165 \u010falej&#8230;]<\/a><\/span><\/p>\n","protected":false},"author":1,"featured_media":8972,"comment_status":"open","ping_status":"open","sticky":false,"template":"","format":"standard","meta":{"footnotes":""},"categories":[13],"tags":[],"class_list":{"0":"entry","1":"post","2":"publish","3":"author-marian-jasenoveceltras-sk","4":"post-8971","6":"format-standard","7":"has-post-thumbnail","8":"category-oznamy"},"_links":{"self":[{"href":"https:\/\/www.farakostolna.sk\/index.php?rest_route=\/wp\/v2\/posts\/8971","targetHints":{"allow":["GET"]}}],"collection":[{"href":"https:\/\/www.farakostolna.sk\/index.php?rest_route=\/wp\/v2\/posts"}],"about":[{"href":"https:\/\/www.farakostolna.sk\/index.php?rest_route=\/wp\/v2\/types\/post"}],"author":[{"embeddable":true,"href":"https:\/\/www.farakostolna.sk\/index.php?rest_route=\/wp\/v2\/users\/1"}],"replies":[{"embeddable":true,"href":"https:\/\/www.farakostolna.sk\/index.php?rest_route=%2Fwp%2Fv2%2Fcomments&post=8971"}],"version-history":[{"count":1,"href":"https:\/\/www.farakostolna.sk\/index.php?rest_route=\/wp\/v2\/posts\/8971\/revisions"}],"predecessor-version":[{"id":8973,"href":"https:\/\/www.farakostolna.sk\/index.php?rest_route=\/wp\/v2\/posts\/8971\/revisions\/8973"}],"wp:featuredmedia":[{"embeddable":true,"href":"https:\/\/www.farakostolna.sk\/index.php?rest_route=\/wp\/v2\/media\/8972"}],"wp:attachment":[{"href":"https:\/\/www.farakostolna.sk\/index.php?rest_route=%2Fwp%2Fv2%2Fmedia&parent=8971"}],"wp:term":[{"taxonomy":"category","embeddable":true,"href":"https:\/\/www.farakostolna.sk\/index.php?rest_route=%2Fwp%2Fv2%2Fcategories&post=8971"},{"taxonomy":"post_tag","embeddable":true,"href":"https:\/\/www.farakostolna.sk\/index.php?rest_route=%2Fwp%2Fv2%2Ftags&post=8971"}],"curies":[{"name":"wp","href":"https:\/\/api.w.org\/{rel}","templated":true}]}}