{"id":8968,"date":"2024-08-25T21:12:13","date_gmt":"2024-08-25T19:12:13","guid":{"rendered":"https:\/\/www.farakostolna.sk\/?p=8968"},"modified":"2024-08-25T21:12:13","modified_gmt":"2024-08-25T19:12:13","slug":"farske-oznamy-a-zamyslenie-10-03-2024","status":"publish","type":"post","link":"https:\/\/www.farakostolna.sk\/?p=8968","title":{"rendered":"Farsk\u00e9 oznamy a zamyslenie (10.03.2024)"},"content":{"rendered":"\n<p>Svetlo a tma, pravda a lo\u017e \u2013 neust\u00e1ly s\u00faboj dobra a zla. Nie je to v\u0161ak iba d\u00e1vna minulos\u0165, ale tvrd\u00e1 realita pr\u00edtomnosti. Na ktorej strane stoj\u00edme? Ver\u00edme mocn\u00fdm tohto sveta alebo Stvorite\u013eovi sveta?<\/p>\n\n\n<a class=\"wp-block-read-more\" href=\"https:\/\/www.farakostolna.sk\/?p=8968\" target=\"_self\">Read more<span class=\"screen-reader-text\">: Farsk\u00e9 oznamy a zamyslenie (10.03.2024)<\/span><\/a>\n\n\n<p>Sv\u00e4t\u00e9 om\u0161e u n\u00e1s:<\/p>\n\n\n\n<p>sobota ve\u010der \u2013 9. marca (s nede\u013enou platnos\u0165ou)<\/p>\n\n\n\n<p><a><\/a>17:00 \u2013 Hrub\u00e1 Bor\u0161a (slov.\/ma\u010f.)<\/p>\n\n\n\n<p>18:00 \u2013 Kostoln\u00e1 (slov.)<\/p>\n\n\n\n<p>nede\u013ea \u2013 10. marca<\/p>\n\n\n\n<p>8:00 \u2013 Hrub\u00fd \u0160\u00far (ma\u010f.)<\/p>\n\n\n\n<p>9:30 \u2013 Kostoln\u00e1 (ma\u010f.)<\/p>\n\n\n\n<p>11:00 \u2013 Kostoln\u00e1 (slov.)<\/p>\n\n\n\n<p>V t\u00fato nede\u013eu sa budeme modli\u0165 kr\u00ed\u017eov\u00fa cestu o 10:30 v slovenskom jazyku za na\u0161e matky. Poz\u00fdvame v\u0161etky matky, spolu s de\u0165mi a man\u017eelmi.<\/p>\n\n\n\n<p>Tento t\u00fd\u017ede\u0148 budem spoveda\u0165 v Kostolnej na farskom dvore v stredu, \u0161tvrtok a piatok od 16.00 do 17:00. V tom \u010dase bude v kostole ador\u00e1cia.<\/p>\n\n\n\n<p>Ve\u013ek\u00e9 predve\u013ekono\u010dn\u00e9 spovedanie bude v na\u0161ej farnosti najbli\u017e\u0161iu sobotu (16.3.) vo v\u0161etk\u00fdch troch na\u0161ich kostoloch (v Kostolnej, Hrubom \u0160\u00fare a Hrubej Bor\u0161i) od 9:00 do 11:00. Vyu\u017eite t\u00fato mo\u017enos\u0165, ke\u010f bud\u00fa v na\u0161ej farnosti viacer\u00ed k\u0148azi vysluhova\u0165 sviatos\u0165 zmierenia.<\/p>\n\n\n\n<p>O t\u00fd\u017ede\u0148 v sobotu ve\u010der (16.3.) p\u00f4jdu slovensky hovoriaci birmovanci na kr\u00ed\u017eov\u00fa cestu do Marianky za \u00fa\u010dasti viacer\u00fdch dospel\u00fdch. Odchod 18:50 od kostola, n\u00e1vrat ku kostolu cca 21:30. \u00da\u010das\u0165 je pre v\u0161etk\u00fdch birmovancov povinn\u00e1!<\/p>\n\n\n\n<p>Pobo\u017enos\u0165 kr\u00ed\u017eovej cesty m\u00e1vame po\u010das p\u00f4stneho obdobia v Hrubom \u0160\u00fare v\u017edy piatky o 18:30 (v ma\u010farskom jazyku), v Hrubej Bor\u0161i v soboty od 16:30 (v ma\u010farskom jazyku), a v Kostolnej v piatky o 18:45 a nedele o 10:30 (v slovenskom jazyku) a o 15:00 v nedele (v ma\u010farskom jazyku).<\/p>\n\n\n\n<p>Aj tento rok je mo\u017en\u00e9 darova\u0165 2 % z dan\u00ed na \u201eZdru\u017eenie Senec a okolie\u201c, z ktor\u00e9ho potom m\u00f4\u017eeme \u010derpa\u0165 prostriedky na opravu farsk\u00e9ho kostola. Tla\u010div\u00e1 s\u00fa k dispoz\u00edcii na farskej str\u00e1nke na stiahnutie. Vopred \u010fakujem.<\/p>\n\n\n\n<p>O t\u00fd\u017ede\u0148 bude v na\u0161ej farnosti mesa\u010dn\u00e1 zbierka na opravu farsk\u00e9ho kostola a prev\u00e1dzkov\u00e9 n\u00e1klady farnosti. Vopred \u010fakujem.<\/p>\n\n\n\n<p>S \u00factou,<\/p>\n\n\n\n<p>Pavol Gajdo\u0161, v\u00e1\u0161 far\u00e1r<\/p>\n","protected":false},"excerpt":{"rendered":"<p>Svetlo a tma, pravda a lo\u017e \u2013 neust\u00e1ly s\u00faboj dobra a zla. Nie je to v\u0161ak iba d\u00e1vna minulos\u0165, ale tvrd\u00e1 realita pr\u00edtomnosti. Na ktorej strane stoj\u00edme? Ver\u00edme mocn\u00fdm tohto sveta alebo Stvorite\u013eovi sveta? Sv\u00e4t\u00e9 om\u0161e u n\u00e1s: sobota ve\u010der \u2013 9. marca (s nede\u013enou platnos\u0165ou) 17:00 \u2013 Hrub\u00e1 Bor\u0161a (slov.\/ma\u010f.) 18:00 \u2013 Kostoln\u00e1 (slov.) &#8230; <span class=\"more\"><a class=\"more-link\" href=\"https:\/\/www.farakostolna.sk\/?p=8968\">[\u010c\u00edta\u0165 \u010falej&#8230;]<\/a><\/span><\/p>\n","protected":false},"author":1,"featured_media":8969,"comment_status":"open","ping_status":"open","sticky":false,"template":"","format":"standard","meta":{"footnotes":""},"categories":[13],"tags":[],"class_list":{"0":"entry","1":"post","2":"publish","3":"author-marian-jasenoveceltras-sk","4":"post-8968","6":"format-standard","7":"has-post-thumbnail","8":"category-oznamy"},"_links":{"self":[{"href":"https:\/\/www.farakostolna.sk\/index.php?rest_route=\/wp\/v2\/posts\/8968","targetHints":{"allow":["GET"]}}],"collection":[{"href":"https:\/\/www.farakostolna.sk\/index.php?rest_route=\/wp\/v2\/posts"}],"about":[{"href":"https:\/\/www.farakostolna.sk\/index.php?rest_route=\/wp\/v2\/types\/post"}],"author":[{"embeddable":true,"href":"https:\/\/www.farakostolna.sk\/index.php?rest_route=\/wp\/v2\/users\/1"}],"replies":[{"embeddable":true,"href":"https:\/\/www.farakostolna.sk\/index.php?rest_route=%2Fwp%2Fv2%2Fcomments&post=8968"}],"version-history":[{"count":1,"href":"https:\/\/www.farakostolna.sk\/index.php?rest_route=\/wp\/v2\/posts\/8968\/revisions"}],"predecessor-version":[{"id":8970,"href":"https:\/\/www.farakostolna.sk\/index.php?rest_route=\/wp\/v2\/posts\/8968\/revisions\/8970"}],"wp:featuredmedia":[{"embeddable":true,"href":"https:\/\/www.farakostolna.sk\/index.php?rest_route=\/wp\/v2\/media\/8969"}],"wp:attachment":[{"href":"https:\/\/www.farakostolna.sk\/index.php?rest_route=%2Fwp%2Fv2%2Fmedia&parent=8968"}],"wp:term":[{"taxonomy":"category","embeddable":true,"href":"https:\/\/www.farakostolna.sk\/index.php?rest_route=%2Fwp%2Fv2%2Fcategories&post=8968"},{"taxonomy":"post_tag","embeddable":true,"href":"https:\/\/www.farakostolna.sk\/index.php?rest_route=%2Fwp%2Fv2%2Ftags&post=8968"}],"curies":[{"name":"wp","href":"https:\/\/api.w.org\/{rel}","templated":true}]}}