{"id":8963,"date":"2024-08-25T21:10:10","date_gmt":"2024-08-25T19:10:10","guid":{"rendered":"https:\/\/www.farakostolna.sk\/?p=8963"},"modified":"2024-08-25T21:11:05","modified_gmt":"2024-08-25T19:11:05","slug":"fara-kostolna","status":"publish","type":"post","link":"https:\/\/www.farakostolna.sk\/?p=8963","title":{"rendered":"Fara Kostolna"},"content":{"rendered":"\n<p>V na\u0161om okol\u00ed sa postupne obnovuj\u00fa kr\u00ed\u017ee a sochy, ktor\u00e9 odd\u00e1vna lemuj\u00fa na\u0161e cesty a kri\u017eovatky. Po jesennej renov\u00e1cii kr\u00ed\u017ea pri zast\u00e1vke na kri\u017eovatke ciest medzi Kostolnou pri Dunaji, Kr\u00e1\u013eovou pri Senci \u010das\u0165 Bodov a Hrub\u00fdm \u0160\u00farom Petrom Bozsikom bol posv\u00e4ten\u00fd \u010fal\u0161\u00ed obnoven\u00fd kr\u00ed\u017e na hlavnej ceste smerom na Senec pri niekdaj\u0161ej kafil\u00e9rii. <\/p>\n\n\n<a class=\"wp-block-read-more\" href=\"https:\/\/www.farakostolna.sk\/?p=8963\" target=\"_self\">Read more<span class=\"screen-reader-text\">: Fara Kostolna<\/span><\/a>\n\n\n<p>Sme radi, \u017ee sa n\u00e1jdu \u013eudia, ktor\u00fdm le\u017e\u00ed na srdci aj ich okolie, zvl\u00e1\u0161\u0165, ak sa jedn\u00e1 o miesto, ktor\u00e9 m\u00e1 poukazova\u0165 na Je\u017ei\u0161ove umu\u010denie.<\/p>\n\n\n\n<p><a><\/a>Obnovu vykonalo OZ Ad puerum pod veden\u00edm Martina Kardo\u0161a. Pre \u010fal\u0161iu \u010dinnos\u0165 OZ uv\u00e1dzame aj \u00fadaje pre 2%: I\u010cO 52103005. E\u0161te raz ve\u013ek\u00e1 v\u010faka!!!<\/p>\n","protected":false},"excerpt":{"rendered":"<p>V na\u0161om okol\u00ed sa postupne obnovuj\u00fa kr\u00ed\u017ee a sochy, ktor\u00e9 odd\u00e1vna lemuj\u00fa na\u0161e cesty a kri\u017eovatky. Po jesennej renov\u00e1cii kr\u00ed\u017ea pri zast\u00e1vke na kri\u017eovatke ciest medzi Kostolnou pri Dunaji, Kr\u00e1\u013eovou pri Senci \u010das\u0165 Bodov a Hrub\u00fdm \u0160\u00farom Petrom Bozsikom bol posv\u00e4ten\u00fd \u010fal\u0161\u00ed obnoven\u00fd kr\u00ed\u017e na hlavnej ceste smerom na Senec pri niekdaj\u0161ej kafil\u00e9rii. Sme radi, &#8230; <span class=\"more\"><a class=\"more-link\" href=\"https:\/\/www.farakostolna.sk\/?p=8963\">[\u010c\u00edta\u0165 \u010falej&#8230;]<\/a><\/span><\/p>\n","protected":false},"author":1,"featured_media":8964,"comment_status":"open","ping_status":"open","sticky":false,"template":"","format":"standard","meta":{"footnotes":""},"categories":[6],"tags":[],"class_list":{"0":"entry","1":"post","2":"publish","3":"author-marian-jasenoveceltras-sk","4":"post-8963","6":"format-standard","7":"has-post-thumbnail","8":"category-aktuality-sk"},"_links":{"self":[{"href":"https:\/\/www.farakostolna.sk\/index.php?rest_route=\/wp\/v2\/posts\/8963","targetHints":{"allow":["GET"]}}],"collection":[{"href":"https:\/\/www.farakostolna.sk\/index.php?rest_route=\/wp\/v2\/posts"}],"about":[{"href":"https:\/\/www.farakostolna.sk\/index.php?rest_route=\/wp\/v2\/types\/post"}],"author":[{"embeddable":true,"href":"https:\/\/www.farakostolna.sk\/index.php?rest_route=\/wp\/v2\/users\/1"}],"replies":[{"embeddable":true,"href":"https:\/\/www.farakostolna.sk\/index.php?rest_route=%2Fwp%2Fv2%2Fcomments&post=8963"}],"version-history":[{"count":2,"href":"https:\/\/www.farakostolna.sk\/index.php?rest_route=\/wp\/v2\/posts\/8963\/revisions"}],"predecessor-version":[{"id":8967,"href":"https:\/\/www.farakostolna.sk\/index.php?rest_route=\/wp\/v2\/posts\/8963\/revisions\/8967"}],"wp:featuredmedia":[{"embeddable":true,"href":"https:\/\/www.farakostolna.sk\/index.php?rest_route=\/wp\/v2\/media\/8964"}],"wp:attachment":[{"href":"https:\/\/www.farakostolna.sk\/index.php?rest_route=%2Fwp%2Fv2%2Fmedia&parent=8963"}],"wp:term":[{"taxonomy":"category","embeddable":true,"href":"https:\/\/www.farakostolna.sk\/index.php?rest_route=%2Fwp%2Fv2%2Fcategories&post=8963"},{"taxonomy":"post_tag","embeddable":true,"href":"https:\/\/www.farakostolna.sk\/index.php?rest_route=%2Fwp%2Fv2%2Ftags&post=8963"}],"curies":[{"name":"wp","href":"https:\/\/api.w.org\/{rel}","templated":true}]}}