{"id":8960,"date":"2024-08-25T21:08:14","date_gmt":"2024-08-25T19:08:14","guid":{"rendered":"https:\/\/www.farakostolna.sk\/?p=8960"},"modified":"2024-08-25T21:08:15","modified_gmt":"2024-08-25T19:08:15","slug":"farske-oznamy-a-zamyslenie-03-03-2024","status":"publish","type":"post","link":"https:\/\/www.farakostolna.sk\/?p=8960","title":{"rendered":"Farsk\u00e9 oznamy a zamyslenie (03.03.2024)"},"content":{"rendered":"\n<p>Je\u017ei\u0161ovi fand\u00edme, ke\u010f \u010dist\u00ed Jeruzalemsk\u00fd chr\u00e1m. Radi by sme ho pozvali aj inde, ale m\u00e1me odvahu pozva\u0165 Ho vy\u010disti\u0165 z\u00e1kutia n\u00e1\u0161ho srdca? Nie zajtra, ale dnes.<\/p>\n\n\n<a class=\"wp-block-read-more\" href=\"https:\/\/www.farakostolna.sk\/?p=8960\" target=\"_self\">Read more<span class=\"screen-reader-text\">: Farsk\u00e9 oznamy a zamyslenie (03.03.2024)<\/span><\/a>\n\n\n<p>Sv\u00e4t\u00e9 om\u0161e u n\u00e1s:<\/p>\n\n\n\n<p>sobota ve\u010der \u2013 2. marca (s nede\u013enou platnos\u0165ou)<\/p>\n\n\n\n<p><a><\/a>17:00 \u2013 Hrub\u00e1 Bor\u0161a (slov.\/ma\u010f.)<\/p>\n\n\n\n<p>18:00 \u2013 Kostoln\u00e1 (slov.)<\/p>\n\n\n\n<p>nede\u013ea \u2013 3. marca<\/p>\n\n\n\n<p>8:00 \u2013 Hrub\u00fd \u0160\u00far (ma\u010f.)<\/p>\n\n\n\n<p>9:30 \u2013 Kostoln\u00e1 (ma\u010f.)<\/p>\n\n\n\n<p>11:00 \u2013 Kostoln\u00e1 (slov.-rod.)<\/p>\n\n\n\n<p>V t\u00fato nede\u013eu sa budeme modli\u0165 kr\u00ed\u017eov\u00fa cestu o 10:30 v slovenskom jazyku za ml\u00e1de\u017e. N\u00e1sledne o 11:00 je tzv. \u201crodinn\u00e1\u201d sv\u00e4t\u00e1 om\u0161a, teda s pr\u00edhovorom so zrete\u013eom na deti a ml\u00e1de\u017e. Liturgiu doprev\u00e1dza viacero spev\u00e1kov s hudobn\u00fdmi n\u00e1strojmi. Poz\u00fdvame v\u0161etky deti, ml\u00e1de\u017e spolu s rodi\u010dmi.<\/p>\n\n\n\n<p>Tento t\u00fd\u017ede\u0148 budem spoveda\u0165 v Kostolnej na farskom dvore v stredu, \u0161tvrtok a piatok od 16.00 do 17:00. V tom \u010dase bude v kostole ador\u00e1cia.<\/p>\n\n\n\n<p>Pobo\u017enos\u0165 kr\u00ed\u017eovej cesty m\u00e1vame po\u010das p\u00f4stneho obdobia v Hrubom \u0160\u00fare v\u017edy piatky o 18:30 (v ma\u010farskom jazyku), v Hrubej Bor\u0161i v soboty od 16:30 (v ma\u010farskom jazyku), a Kostolnej v nedele o 10:30 (v slovenskom jazyku) a o 15:00 (ma\u010farskom jazyku).<\/p>\n\n\n\n<p>Aj tento rok je mo\u017en\u00e9 darova\u0165 2 % z dan\u00ed na \u201eZdru\u017eenie Senec a okolie\u201c, z ktor\u00e9ho potom m\u00f4\u017eeme \u010derpa\u0165 prostriedky na opravu farsk\u00e9ho kostola. Tla\u010div\u00e1 s\u00fa k dispoz\u00edcii na farskej str\u00e1nke na stiahnutie. Vopred \u010fakujem.<\/p>\n\n\n\n<p>Minulot\u00fd\u017ed\u0148ov\u00e1 mesa\u010dn\u00e1 zbierka na opravu farsk\u00e9ho kostola a prev\u00e1dzkov\u00e9 n\u00e1klady farnosti vyniesla v Kostolnej 1155,07 \u20ac, v Hrubej Bor\u0161i 113,20 \u20ac a v Hrubom \u0160\u00fare na prev\u00e1dzkov\u00e9 n\u00e1klady farnosti a potreby \u0161\u00farskej kaplnky 192,40 \u20ac. \u00daprimne \u010fakujem.<\/p>\n\n\n\n<p>S \u00factou,<\/p>\n\n\n\n<p>Pavol Gajdo\u0161, v\u00e1\u0161 far\u00e1r<\/p>\n","protected":false},"excerpt":{"rendered":"<p>Je\u017ei\u0161ovi fand\u00edme, ke\u010f \u010dist\u00ed Jeruzalemsk\u00fd chr\u00e1m. Radi by sme ho pozvali aj inde, ale m\u00e1me odvahu pozva\u0165 Ho vy\u010disti\u0165 z\u00e1kutia n\u00e1\u0161ho srdca? Nie zajtra, ale dnes. Sv\u00e4t\u00e9 om\u0161e u n\u00e1s: sobota ve\u010der \u2013 2. marca (s nede\u013enou platnos\u0165ou) 17:00 \u2013 Hrub\u00e1 Bor\u0161a (slov.\/ma\u010f.) 18:00 \u2013 Kostoln\u00e1 (slov.) nede\u013ea \u2013 3. marca 8:00 \u2013 Hrub\u00fd \u0160\u00far &#8230; <span class=\"more\"><a class=\"more-link\" href=\"https:\/\/www.farakostolna.sk\/?p=8960\">[\u010c\u00edta\u0165 \u010falej&#8230;]<\/a><\/span><\/p>\n","protected":false},"author":1,"featured_media":8961,"comment_status":"open","ping_status":"open","sticky":false,"template":"","format":"standard","meta":{"footnotes":""},"categories":[13],"tags":[],"class_list":{"0":"entry","1":"post","2":"publish","3":"author-marian-jasenoveceltras-sk","4":"post-8960","6":"format-standard","7":"has-post-thumbnail","8":"category-oznamy"},"_links":{"self":[{"href":"https:\/\/www.farakostolna.sk\/index.php?rest_route=\/wp\/v2\/posts\/8960","targetHints":{"allow":["GET"]}}],"collection":[{"href":"https:\/\/www.farakostolna.sk\/index.php?rest_route=\/wp\/v2\/posts"}],"about":[{"href":"https:\/\/www.farakostolna.sk\/index.php?rest_route=\/wp\/v2\/types\/post"}],"author":[{"embeddable":true,"href":"https:\/\/www.farakostolna.sk\/index.php?rest_route=\/wp\/v2\/users\/1"}],"replies":[{"embeddable":true,"href":"https:\/\/www.farakostolna.sk\/index.php?rest_route=%2Fwp%2Fv2%2Fcomments&post=8960"}],"version-history":[{"count":1,"href":"https:\/\/www.farakostolna.sk\/index.php?rest_route=\/wp\/v2\/posts\/8960\/revisions"}],"predecessor-version":[{"id":8962,"href":"https:\/\/www.farakostolna.sk\/index.php?rest_route=\/wp\/v2\/posts\/8960\/revisions\/8962"}],"wp:featuredmedia":[{"embeddable":true,"href":"https:\/\/www.farakostolna.sk\/index.php?rest_route=\/wp\/v2\/media\/8961"}],"wp:attachment":[{"href":"https:\/\/www.farakostolna.sk\/index.php?rest_route=%2Fwp%2Fv2%2Fmedia&parent=8960"}],"wp:term":[{"taxonomy":"category","embeddable":true,"href":"https:\/\/www.farakostolna.sk\/index.php?rest_route=%2Fwp%2Fv2%2Fcategories&post=8960"},{"taxonomy":"post_tag","embeddable":true,"href":"https:\/\/www.farakostolna.sk\/index.php?rest_route=%2Fwp%2Fv2%2Ftags&post=8960"}],"curies":[{"name":"wp","href":"https:\/\/api.w.org\/{rel}","templated":true}]}}