{"id":8950,"date":"2024-08-25T20:55:13","date_gmt":"2024-08-25T18:55:13","guid":{"rendered":"https:\/\/www.farakostolna.sk\/?p=8950"},"modified":"2024-08-25T20:55:15","modified_gmt":"2024-08-25T18:55:15","slug":"farske-oznamy-a-zamyslenie-18-02-2024","status":"publish","type":"post","link":"https:\/\/www.farakostolna.sk\/?p=8950","title":{"rendered":"Farsk\u00e9 oznamy a zamyslenie (18.02.2024)"},"content":{"rendered":"\n<p>Je\u017ei\u0161ovo posolstvo je zrejm\u00e9 od sam\u00e9ho za\u010diatku Jeho \u00fa\u010dinkovania a\u017e po koniec \u2013 ohlasovanie Bo\u017eieho kr\u00e1\u013eovstva. \u010co ohlasujeme my? Seba alebo, Bo\u017ee, Teba?<\/p>\n\n\n<a class=\"wp-block-read-more\" href=\"https:\/\/www.farakostolna.sk\/?p=8950\" target=\"_self\">Read more<span class=\"screen-reader-text\">: Farsk\u00e9 oznamy a zamyslenie (18.02.2024)<\/span><\/a>\n\n\n<p>Sv\u00e4t\u00e9 om\u0161e u n\u00e1s:<\/p>\n\n\n\n<p>sobota ve\u010der \u2013 17. febru\u00e1ra (s nede\u013enou platnos\u0165ou)<\/p>\n\n\n\n<p><a><\/a>17:00 \u2013 Hrub\u00e1 Bor\u0161a (slov.\/ma\u010f.)<\/p>\n\n\n\n<p>18:00 \u2013 Kostoln\u00e1 (slov.)<\/p>\n\n\n\n<p>nede\u013ea \u2013 18. febru\u00e1ra<\/p>\n\n\n\n<p>8:00 \u2013 Hrub\u00fd \u0160\u00far (ma\u010f.)<\/p>\n\n\n\n<p>9:30 \u2013 Kostoln\u00e1 (ma\u010f.)<\/p>\n\n\n\n<p>11:00 \u2013 Kostoln\u00e1 (slov.)<\/p>\n\n\n\n<p>V t\u00fato nede\u013eu sa na v\u0161etk\u00fdch sv\u00e4t\u00fdch om\u0161iach bude da\u0165 obnovi\u0165 man\u017eelsk\u00fd s\u013eub. Sadnite si v kostole man\u017eelia ved\u013ea seba. Z\u00e1rove\u0148 sa bud\u00fa \u017erebova\u0165 v\u00fdhercovia man\u017eelskej s\u00fa\u0165a\u017ee (spolu a\u017e 6 p\u00e1rov!).<\/p>\n\n\n\n<p>Pripoj sa po\u010das p\u00f4stneho obdobia k modlitbe piatich prstov, ktor\u00fa vytvoril p\u00e1pe\u017e Franti\u0161ek. Povzbudzuje n\u00e1s, aby sme sa pomocou prstov na ruke modlili za konkr\u00e9tnych bl\u00ed\u017enych. Obkresli si ruku a na prsty ruky si potom nap\u00ed\u0161 men\u00e1 konkr\u00e9tnych \u013eud\u00ed, za ktor\u00fdch sa bude\u0161 modli\u0165. N\u00e1vod vid\u00edme na plag\u00e1te pred olt\u00e1rom. Pom\u00f4ckou je aj vysvetlenie 5 prstov s modlitbou, ktor\u00fa si ka\u017ed\u00fd m\u00f4\u017ee vzia\u0165. Na konci p\u00f4stu m\u00f4\u017eme v\u0161etky ruky prinies\u0165 a odovzda\u0165 Je\u017ei\u0161ovi ku kr\u00ed\u017eu.<\/p>\n\n\n\n<p>Tento t\u00fd\u017ede\u0148 budem spoveda\u0165 v utorok v Hrubom \u0160\u00fare pred kaplnkou od 16:00 do 17:00 a v Kostolnej na farskom dvore v stredu, \u0161tvrtok a piatok tie\u017e od 16.00 do 17:00. V tom \u010dase bude v kostole ador\u00e1cia.<\/p>\n\n\n\n<p>V r\u00e1mci minulot\u00fd\u017ed\u0148ov\u00e9ho svetov\u00e9ho d\u0148a chor\u00fdch budem vysluhova\u0165 sviatos\u0165 pomazania chor\u00fdch tentoraz v Hrubom \u0160\u00fare v utorok o 17:00. Je potrebn\u00e9 by\u0165 v stave posv\u00e4cuj\u00facej milosti, teda po sv\u00e4tej spovedi.<\/p>\n\n\n\n<p>V stredu bude sv\u00e4t\u00e1 om\u0161a v Kostolnej o 18:00 so zrete\u013eom na deti v slovenskom jazyku.<\/p>\n\n\n\n<p>V piatok sme pozvan\u00ed na Modlitbu chv\u00e1l od 18:40 do Kostolnej.<\/p>\n\n\n\n<p>V piatok je o 19:00 sv\u00e4t\u00e1 om\u0161a v Hrubom \u0160\u00fare so zrete\u013eom na deti a ml\u00e1de\u017e v ma\u010farskom jazyku.<\/p>\n\n\n\n<p>Pobo\u017enos\u0165 kr\u00ed\u017eovej cesty m\u00e1vame po\u010das p\u00f4stneho obdobia v Hrubom \u0160\u00fare v\u017edy piatky o 18:30 (v ma\u010farskom jazyku), v Hrubej Bor\u0161i v soboty od 16:30 (v ma\u010farskom jazyku), a Kostolnej v nedele o 10:30 (v slovenskom jazyku) a o 15:00 (ma\u010farskom jazyku).<\/p>\n\n\n\n<p>V t\u00fato nede\u013eu sa budeme modli\u0165 o 10:30 kr\u00ed\u017eov\u00fa cestu za v\u0161etky na\u0161e man\u017eelstv\u00e1. Pr\u00ed\u010fme a zapojme sa do duchovn\u00e9ho z\u00e1pasu o na\u0161e man\u017eelstv\u00e1 a rodiny v tomto p\u00f4stnom \u010dase.<\/p>\n\n\n\n<p>Tento v\u00edkend je vo v\u0161etk\u00fdch kostoloch jarn\u00e1 zbierka na katol\u00edcku charitu.<\/p>\n\n\n\n<p>Bud\u00faci v\u00edkend bude pravideln\u00e1 mesa\u010dn\u00e1 zbierka na opravu farsk\u00e9ho kostola a prev\u00e1dzkov\u00e9 n\u00e1klady farnosti. Vopred \u010fakujem.<\/p>\n\n\n\n<p>S \u00factou,<\/p>\n\n\n\n<p>Pavol Gajdo\u0161, v\u00e1\u0161 far\u00e1r<\/p>\n","protected":false},"excerpt":{"rendered":"<p>Je\u017ei\u0161ovo posolstvo je zrejm\u00e9 od sam\u00e9ho za\u010diatku Jeho \u00fa\u010dinkovania a\u017e po koniec \u2013 ohlasovanie Bo\u017eieho kr\u00e1\u013eovstva. \u010co ohlasujeme my? Seba alebo, Bo\u017ee, Teba? Sv\u00e4t\u00e9 om\u0161e u n\u00e1s: sobota ve\u010der \u2013 17. febru\u00e1ra (s nede\u013enou platnos\u0165ou) 17:00 \u2013 Hrub\u00e1 Bor\u0161a (slov.\/ma\u010f.) 18:00 \u2013 Kostoln\u00e1 (slov.) nede\u013ea \u2013 18. febru\u00e1ra 8:00 \u2013 Hrub\u00fd \u0160\u00far (ma\u010f.) 9:30 \u2013 &#8230; <span class=\"more\"><a class=\"more-link\" href=\"https:\/\/www.farakostolna.sk\/?p=8950\">[\u010c\u00edta\u0165 \u010falej&#8230;]<\/a><\/span><\/p>\n","protected":false},"author":1,"featured_media":8951,"comment_status":"open","ping_status":"open","sticky":false,"template":"","format":"standard","meta":{"footnotes":""},"categories":[13],"tags":[],"class_list":{"0":"entry","1":"post","2":"publish","3":"author-marian-jasenoveceltras-sk","4":"post-8950","6":"format-standard","7":"has-post-thumbnail","8":"category-oznamy"},"_links":{"self":[{"href":"https:\/\/www.farakostolna.sk\/index.php?rest_route=\/wp\/v2\/posts\/8950","targetHints":{"allow":["GET"]}}],"collection":[{"href":"https:\/\/www.farakostolna.sk\/index.php?rest_route=\/wp\/v2\/posts"}],"about":[{"href":"https:\/\/www.farakostolna.sk\/index.php?rest_route=\/wp\/v2\/types\/post"}],"author":[{"embeddable":true,"href":"https:\/\/www.farakostolna.sk\/index.php?rest_route=\/wp\/v2\/users\/1"}],"replies":[{"embeddable":true,"href":"https:\/\/www.farakostolna.sk\/index.php?rest_route=%2Fwp%2Fv2%2Fcomments&post=8950"}],"version-history":[{"count":1,"href":"https:\/\/www.farakostolna.sk\/index.php?rest_route=\/wp\/v2\/posts\/8950\/revisions"}],"predecessor-version":[{"id":8952,"href":"https:\/\/www.farakostolna.sk\/index.php?rest_route=\/wp\/v2\/posts\/8950\/revisions\/8952"}],"wp:featuredmedia":[{"embeddable":true,"href":"https:\/\/www.farakostolna.sk\/index.php?rest_route=\/wp\/v2\/media\/8951"}],"wp:attachment":[{"href":"https:\/\/www.farakostolna.sk\/index.php?rest_route=%2Fwp%2Fv2%2Fmedia&parent=8950"}],"wp:term":[{"taxonomy":"category","embeddable":true,"href":"https:\/\/www.farakostolna.sk\/index.php?rest_route=%2Fwp%2Fv2%2Fcategories&post=8950"},{"taxonomy":"post_tag","embeddable":true,"href":"https:\/\/www.farakostolna.sk\/index.php?rest_route=%2Fwp%2Fv2%2Ftags&post=8950"}],"curies":[{"name":"wp","href":"https:\/\/api.w.org\/{rel}","templated":true}]}}