{"id":8947,"date":"2024-08-25T20:47:22","date_gmt":"2024-08-25T18:47:22","guid":{"rendered":"https:\/\/www.farakostolna.sk\/?p=8947"},"modified":"2024-08-25T21:20:51","modified_gmt":"2024-08-25T19:20:51","slug":"farske-oznamy-a-zamyslenie-11-02-2024","status":"publish","type":"post","link":"https:\/\/www.farakostolna.sk\/?p=8947","title":{"rendered":"Farsk\u00e9 oznamy a zamyslenie (11.02.2024)"},"content":{"rendered":"\n<p>Zdanlivo nen\u00e1padn\u00e9 Je\u017ei\u0161ovo usmernenie uzdraven\u00e9mu, aby sa uk\u00e1zal k\u0148azom, je s\u00fa\u010dasne pouk\u00e1zanie na mesi\u00e1nske znamenie. Koho vid\u00edme za z\u00e1zrakmi my? Divotvorcu alebo Mesi\u00e1\u0161a?<\/p>\n\n\n<a class=\"wp-block-read-more\" href=\"https:\/\/www.farakostolna.sk\/?p=8947\" target=\"_self\">Read more<span class=\"screen-reader-text\">: Farsk\u00e9 oznamy a zamyslenie (11.02.2024)<\/span><\/a>\n\n\n<p>Sv\u00e4t\u00e9 om\u0161e u n\u00e1s:<\/p>\n\n\n\n<p>sobota ve\u010der \u2013 10. febru\u00e1ra (s nede\u013enou platnos\u0165ou)<\/p>\n\n\n\n<p><a><\/a>17:00 \u2013 Hrub\u00e1 Bor\u0161a (slov.\/ma\u010f.)<\/p>\n\n\n\n<p>18:00 \u2013 Kostoln\u00e1 (slov.)<\/p>\n\n\n\n<p>nede\u013ea \u2013 11. febru\u00e1ra<\/p>\n\n\n\n<p>8:00 \u2013 Hrub\u00fd \u0160\u00far (ma\u010f.)<\/p>\n\n\n\n<p>9:30 \u2013 Kostoln\u00e1 (ma\u010f.)<\/p>\n\n\n\n<p>11:00 \u2013 Kostoln\u00e1 (slov.)<\/p>\n\n\n\n<p>V utorok bude z na\u0161ej farnosti vysielan\u00e1 sv\u00e4t\u00e1 om\u0161a o 18:00, po nej sa budeme modli\u0165 sv\u00e4t\u00fd ru\u017eenec. Je to s\u00fa\u010das\u0165 24-hodinov\u00fdch modlitieb sv\u00e4t\u00e9ho ru\u017eenca za Slovensko, ktor\u00e9 vysiela v\u017edy 13-t\u00e9ho v mesiaci Slovensk\u00fd dohovor za rodinu. Naprie\u010d cel\u00fdm Slovenskom sa modlia k\u0148azi, reho\u013en\u00e9 spolo\u010denstv\u00e1, rodiny a jednotlivci. My budeme s\u00fa\u010das\u0165ou tejto modlitbovej re\u0165aze. Poz\u00fdvame v\u0161etk\u00fdm sa pr\u00eds\u0165 pripoji\u0165. Prenos bude na Facebooku a Youtube \u2013 Slovensk\u00fd dohovor za rodinu, alebo priamo na str\u00e1nke <a href=\"https:\/\/l.facebook.com\/l.php?u=http%3A%2F%2Fwww.slovenskydohovorzarodinu.sk%2F%3Ffbclid%3DIwZXh0bgNhZW0CMTAAAR3JdXy6s0B077J6KL3rsJ0T-fJvpvCnrw0yZMsYp3dtQOw5QPujx_hEcQA_aem_mm5JKfJWznBgufgX-yY3sw&amp;h=AT0HzGSmFYsX_zJ0Svf8Ach0bpHpyeuYjTrkZyWZ4aMXLiqbtJVP5-xXcLtkL8-_0lKOMGfpiBb_uZf4jLhnEFPNp-DRsI_jX8d5w9RAjSqr2TW8rbBM8P4en-0ZnvECb_tC7MXLAg&amp;__tn__=-UK-R&amp;c[0]=AT1PoX8Iu6mlIy5Ia5zCWsZDq1VLaU5RKr8JrAlmy7EVoLDwfThHlmCrsHgrifRMlh0ee1GNGG7tAt4YseJlE31fAy-e6Vwuj4aOiT3CjUwqPPFW_MDHNf4gPan6Af-VNF57SxdPYXr-6g3diTJJjANQiJspaHtQHOY13BOTlsrCANYl86qT\" rel=\"noreferrer noopener\" target=\"_blank\">www.slovenskydohovorzarodinu.sk.<\/a><\/p>\n\n\n\n<p>Tento t\u00fd\u017ede\u0148 kon\u010dia fa\u0161iangy. V t\u00fato stredu m\u00e1me tzv. popolcov\u00fa stredu, kedy n\u00e1s zav\u00e4zuje pr\u00edsny p\u00f4st. To znamen\u00e1, \u017ee sa zdr\u017eiavame m\u00e4sit\u00e9ho pokrmu! Dospel\u00ed (od 18. \u2013 60. roku) jedia len 3x za de\u0148, z toho len raz dos\u00fdta.<\/p>\n\n\n\n<p>Sv\u00e4t\u00e9 om\u0161e na popolcov\u00fa stredu:<\/p>\n\n\n\n<p>16:00 \u2013 Hrub\u00e1 Bor\u0161a (slov.\/ma\u010f.)<\/p>\n\n\n\n<p>17:00 \u2013 Kostoln\u00e1 (ma\u010f.)<\/p>\n\n\n\n<p>18:00 \u2013 Kostoln\u00e1 (slov.)<\/p>\n\n\n\n<p>19:00 \u2013 Hrub\u00fd \u0160\u00far (ma\u010f.)<\/p>\n\n\n\n<p>Tento t\u00fd\u017ede\u0148 budem spoveda\u0165 v Kostolnej vo \u0161tvrtok a piatok od 16.00 do 17:00 na farskom dvore. V tom \u010dase bude v kostole ador\u00e1cia.<\/p>\n\n\n\n<p>Pobo\u017enos\u0165 kr\u00ed\u017eovej cesty budeme m\u00e1va\u0165 po\u010das p\u00f4stneho obdobia v Hrubom \u0160\u00fare v piatky o 18:30 (v ma\u010farskom jazyku), v Hrubej Bor\u0161i v soboty od 16:30 (v ma\u010farskom jazyku), a Kostolnej v nedele o 10:30 (v slovenskom jazyku) a o 15:00 (ma\u010farskom jazyku).<\/p>\n\n\n\n<p>V r\u00e1mci svetov\u00e9ho d\u0148a chor\u00fdch budem v na\u0161ej farnosti op\u00e4\u0165 vysluhova\u0165 sviatos\u0165 pomazania chor\u00fdch. V Kostolnej na oboch sv\u00e4t\u00fdch om\u0161iach u\u017e tento \u0161tvrtok. Je potrebn\u00e9 by\u0165 v stave posv\u00e4cuj\u00facej milosti, teda po sv\u00e4tej spovedi. V Hrubom \u0160\u00fare budem t\u00fato sviatos\u0165 vysluhova\u0165 20.2. a v Hrubej Bor\u0161i pribli\u017ene o dva t\u00fd\u017edne.<\/p>\n\n\n\n<p>Te\u0161\u00edm sa, \u017ee viacero man\u017eelsk\u00fdch p\u00e1rov sa u\u017e zapojilo do aktivity, ktor\u00e1 spo\u010d\u00edva zo 6 \u00faloh po\u010das 3 t\u00fd\u017ed\u0148ov od 28. janu\u00e1ra do 18. febru\u00e1ra. Poz\u00fdvame aj \u010fal\u0161\u00edch. \u00dalohy s\u00fa zverejnen\u00e9 na na\u0161ej FB str\u00e1nke, na n\u00e1stenk\u00e1ch na\u0161ich kostolov a na let\u00e1koch. Fotky z plnenia \u00faloh po\u0161lite na sillodental@gmail.com. Spomedzi akt\u00edvnych man\u017eelsk\u00fdch p\u00e1rov vy\u017erebujeme v\u00fdhercov, ktor\u00ed o t\u00fd\u017ede\u0148 na om\u0161i 18. febru\u00e1ra po obnoven\u00ed man\u017eelsk\u00e9ho s\u013eubu z\u00edskaj\u00fa ceny.<\/p>\n\n\n\n<p>O t\u00fd\u017ede\u0148 je vo v\u0161etk\u00fdch kostoloch jarn\u00e1 zbierka na katol\u00edcku charitu.<\/p>\n\n\n\n<p>S \u00factou,<\/p>\n\n\n\n<p>Pavol Gajdo\u0161, v\u00e1\u0161 far\u00e1r<\/p>\n","protected":false},"excerpt":{"rendered":"<p>Zdanlivo nen\u00e1padn\u00e9 Je\u017ei\u0161ovo usmernenie uzdraven\u00e9mu, aby sa uk\u00e1zal k\u0148azom, je s\u00fa\u010dasne pouk\u00e1zanie na mesi\u00e1nske znamenie. Koho vid\u00edme za z\u00e1zrakmi my? Divotvorcu alebo Mesi\u00e1\u0161a? Sv\u00e4t\u00e9 om\u0161e u n\u00e1s: sobota ve\u010der \u2013 10. febru\u00e1ra (s nede\u013enou platnos\u0165ou) 17:00 \u2013 Hrub\u00e1 Bor\u0161a (slov.\/ma\u010f.) 18:00 \u2013 Kostoln\u00e1 (slov.) nede\u013ea \u2013 11. febru\u00e1ra 8:00 \u2013 Hrub\u00fd \u0160\u00far (ma\u010f.) 9:30 \u2013 &#8230; <span class=\"more\"><a class=\"more-link\" href=\"https:\/\/www.farakostolna.sk\/?p=8947\">[\u010c\u00edta\u0165 \u010falej&#8230;]<\/a><\/span><\/p>\n","protected":false},"author":1,"featured_media":8948,"comment_status":"open","ping_status":"open","sticky":false,"template":"","format":"standard","meta":{"footnotes":""},"categories":[13],"tags":[],"class_list":{"0":"entry","1":"post","2":"publish","3":"author-marian-jasenoveceltras-sk","4":"post-8947","6":"format-standard","7":"has-post-thumbnail","8":"category-oznamy"},"_links":{"self":[{"href":"https:\/\/www.farakostolna.sk\/index.php?rest_route=\/wp\/v2\/posts\/8947","targetHints":{"allow":["GET"]}}],"collection":[{"href":"https:\/\/www.farakostolna.sk\/index.php?rest_route=\/wp\/v2\/posts"}],"about":[{"href":"https:\/\/www.farakostolna.sk\/index.php?rest_route=\/wp\/v2\/types\/post"}],"author":[{"embeddable":true,"href":"https:\/\/www.farakostolna.sk\/index.php?rest_route=\/wp\/v2\/users\/1"}],"replies":[{"embeddable":true,"href":"https:\/\/www.farakostolna.sk\/index.php?rest_route=%2Fwp%2Fv2%2Fcomments&post=8947"}],"version-history":[{"count":1,"href":"https:\/\/www.farakostolna.sk\/index.php?rest_route=\/wp\/v2\/posts\/8947\/revisions"}],"predecessor-version":[{"id":8949,"href":"https:\/\/www.farakostolna.sk\/index.php?rest_route=\/wp\/v2\/posts\/8947\/revisions\/8949"}],"wp:featuredmedia":[{"embeddable":true,"href":"https:\/\/www.farakostolna.sk\/index.php?rest_route=\/wp\/v2\/media\/8948"}],"wp:attachment":[{"href":"https:\/\/www.farakostolna.sk\/index.php?rest_route=%2Fwp%2Fv2%2Fmedia&parent=8947"}],"wp:term":[{"taxonomy":"category","embeddable":true,"href":"https:\/\/www.farakostolna.sk\/index.php?rest_route=%2Fwp%2Fv2%2Fcategories&post=8947"},{"taxonomy":"post_tag","embeddable":true,"href":"https:\/\/www.farakostolna.sk\/index.php?rest_route=%2Fwp%2Fv2%2Ftags&post=8947"}],"curies":[{"name":"wp","href":"https:\/\/api.w.org\/{rel}","templated":true}]}}