{"id":8944,"date":"2024-08-25T20:46:02","date_gmt":"2024-08-25T18:46:02","guid":{"rendered":"https:\/\/www.farakostolna.sk\/?p=8944"},"modified":"2024-08-25T20:46:03","modified_gmt":"2024-08-25T18:46:03","slug":"farske-oznamy-a-zamyslenie-04-02-2024","status":"publish","type":"post","link":"https:\/\/www.farakostolna.sk\/?p=8944","title":{"rendered":"Farsk\u00e9 oznamy a zamyslenie (04.02.2024)"},"content":{"rendered":"\n<p>Je super, ak chceme napodob\u0148ova\u0165 Je\u017ei\u0161a \u2013 v uzdravovan\u00ed, vyh\u00e1\u0148an\u00ed zl\u00fdch duchov, mocnej re\u010di,\u2026 ale \u010do tak za\u010da\u0165 s modlitbou? On \u2013 Bo\u017e\u00ed Syn \u2013 ju tie\u017e potreboval. Ako sme na tom my?<\/p>\n\n\n<a class=\"wp-block-read-more\" href=\"https:\/\/www.farakostolna.sk\/?p=8944\" target=\"_self\">Read more<span class=\"screen-reader-text\">: Farsk\u00e9 oznamy a zamyslenie (04.02.2024)<\/span><\/a>\n\n\n<p>Sv\u00e4t\u00e9 om\u0161e u n\u00e1s:<\/p>\n\n\n\n<p>sobota ve\u010der \u2013 3. febru\u00e1ra (s nede\u013enou platnos\u0165ou)<\/p>\n\n\n\n<p><a><\/a>17:00 \u2013 Hrub\u00e1 Bor\u0161a (slov.\/ma\u010f.)<\/p>\n\n\n\n<p>18:00 \u2013 Kostoln\u00e1 (slov.)<\/p>\n\n\n\n<p>nede\u013ea \u2013 4. febru\u00e1ra<\/p>\n\n\n\n<p>8:00 \u2013 Hrub\u00fd \u0160\u00far (ma\u010f.)<\/p>\n\n\n\n<p>9:30 \u2013 Kostoln\u00e1 (ma\u010f.)<\/p>\n\n\n\n<p>11:00 \u2013 Kostoln\u00e1 (slov.)<\/p>\n\n\n\n<p>V t\u00fato nede\u013eu bude v Kostolnej o 11:00 tzv. \u201crodinn\u00e1\u201d sv\u00e4t\u00e1 om\u0161a. Poz\u00fdvame v\u0161etk\u00fdch, osobitne deti spolu s rodi\u010dmi.<\/p>\n\n\n\n<p>Spoveda\u0165 budem v na\u0161ej farnosti tento t\u00fd\u017ede\u0148 v Kostolnej v stredu, \u0161tvrtok a piatok od 16.00 do 17:00. V tom \u010dase bude v kostole ador\u00e1cia.<\/p>\n\n\n\n<p>Te\u0161\u00edm sa, \u017ee u\u017e viacero man\u017eelsk\u00fdch p\u00e1rov sa zapojilo do aktivity, ktor\u00e1 spo\u010d\u00edva zo 6 \u00faloh po\u010das 3 t\u00fd\u017ed\u0148ov od 28. janu\u00e1ra do 18. febru\u00e1ra. Poz\u00fdvame aj \u010fal\u0161\u00edch. \u00dalohy s\u00fa zverejnen\u00e9 na na\u0161ej FB str\u00e1nke, na n\u00e1stenk\u00e1ch na\u0161ich kostolov a na let\u00e1koch. Fotky z plnenia \u00faloh po\u0161lite na sillodental@gmail.com. Spomedzi akt\u00edvnych man\u017eelsk\u00fdch p\u00e1rov vy\u017erebujeme v\u00fdhercov, ktor\u00ed na om\u0161i 18. febru\u00e1ra po obnoven\u00ed man\u017eelsk\u00e9ho s\u013eubu z\u00edskaj\u00fa ceny.<\/p>\n\n\n\n<p>S \u00factou,<\/p>\n\n\n\n<p>Pavol Gajdo\u0161, v\u00e1\u0161 far\u00e1r<\/p>\n","protected":false},"excerpt":{"rendered":"<p>Je super, ak chceme napodob\u0148ova\u0165 Je\u017ei\u0161a \u2013 v uzdravovan\u00ed, vyh\u00e1\u0148an\u00ed zl\u00fdch duchov, mocnej re\u010di,\u2026 ale \u010do tak za\u010da\u0165 s modlitbou? On \u2013 Bo\u017e\u00ed Syn \u2013 ju tie\u017e potreboval. Ako sme na tom my? Sv\u00e4t\u00e9 om\u0161e u n\u00e1s: sobota ve\u010der \u2013 3. febru\u00e1ra (s nede\u013enou platnos\u0165ou) 17:00 \u2013 Hrub\u00e1 Bor\u0161a (slov.\/ma\u010f.) 18:00 \u2013 Kostoln\u00e1 (slov.) nede\u013ea &#8230; <span class=\"more\"><a class=\"more-link\" href=\"https:\/\/www.farakostolna.sk\/?p=8944\">[\u010c\u00edta\u0165 \u010falej&#8230;]<\/a><\/span><\/p>\n","protected":false},"author":1,"featured_media":8945,"comment_status":"open","ping_status":"open","sticky":false,"template":"","format":"standard","meta":{"footnotes":""},"categories":[13],"tags":[],"class_list":{"0":"entry","1":"post","2":"publish","3":"author-marian-jasenoveceltras-sk","4":"post-8944","6":"format-standard","7":"has-post-thumbnail","8":"category-oznamy"},"_links":{"self":[{"href":"https:\/\/www.farakostolna.sk\/index.php?rest_route=\/wp\/v2\/posts\/8944","targetHints":{"allow":["GET"]}}],"collection":[{"href":"https:\/\/www.farakostolna.sk\/index.php?rest_route=\/wp\/v2\/posts"}],"about":[{"href":"https:\/\/www.farakostolna.sk\/index.php?rest_route=\/wp\/v2\/types\/post"}],"author":[{"embeddable":true,"href":"https:\/\/www.farakostolna.sk\/index.php?rest_route=\/wp\/v2\/users\/1"}],"replies":[{"embeddable":true,"href":"https:\/\/www.farakostolna.sk\/index.php?rest_route=%2Fwp%2Fv2%2Fcomments&post=8944"}],"version-history":[{"count":1,"href":"https:\/\/www.farakostolna.sk\/index.php?rest_route=\/wp\/v2\/posts\/8944\/revisions"}],"predecessor-version":[{"id":8946,"href":"https:\/\/www.farakostolna.sk\/index.php?rest_route=\/wp\/v2\/posts\/8944\/revisions\/8946"}],"wp:featuredmedia":[{"embeddable":true,"href":"https:\/\/www.farakostolna.sk\/index.php?rest_route=\/wp\/v2\/media\/8945"}],"wp:attachment":[{"href":"https:\/\/www.farakostolna.sk\/index.php?rest_route=%2Fwp%2Fv2%2Fmedia&parent=8944"}],"wp:term":[{"taxonomy":"category","embeddable":true,"href":"https:\/\/www.farakostolna.sk\/index.php?rest_route=%2Fwp%2Fv2%2Fcategories&post=8944"},{"taxonomy":"post_tag","embeddable":true,"href":"https:\/\/www.farakostolna.sk\/index.php?rest_route=%2Fwp%2Fv2%2Ftags&post=8944"}],"curies":[{"name":"wp","href":"https:\/\/api.w.org\/{rel}","templated":true}]}}