{"id":8940,"date":"2024-08-25T20:43:41","date_gmt":"2024-08-25T18:43:41","guid":{"rendered":"https:\/\/www.farakostolna.sk\/?p=8940"},"modified":"2024-08-25T20:44:28","modified_gmt":"2024-08-25T18:44:28","slug":"ucenie-s-mocou","status":"publish","type":"post","link":"https:\/\/www.farakostolna.sk\/?p=8940","title":{"rendered":"Farsk\u00e9 oznamy a zamyslenie (28.01.2024)"},"content":{"rendered":"\n<p>U\u010denie s mocou je to, \u010do m\u00f4\u017ee skuto\u010dne pohn\u00fa\u0165 s \u013eudskou du\u0161ou. U\u010denie bez moci a ani moc bez u\u010denia nikam neved\u00fa. \u010co \u0161\u00edrime my?<\/p>\n\n\n<a class=\"wp-block-read-more\" href=\"https:\/\/www.farakostolna.sk\/?p=8940\" target=\"_self\">Read more<span class=\"screen-reader-text\">: Farsk\u00e9 oznamy a zamyslenie (28.01.2024)<\/span><\/a>\n\n\n<p>Sv\u00e4t\u00e9 om\u0161e u n\u00e1s:<\/p>\n\n\n\n<p>sobota ve\u010der \u2013 27. janu\u00e1ra (s nede\u013enou platnos\u0165ou)<\/p>\n\n\n\n<p><a><\/a>17:00 \u2013 Hrub\u00e1 Bor\u0161a (slov.\/ma\u010f.)<\/p>\n\n\n\n<p>18:00 \u2013 Kostoln\u00e1 (slov.)<\/p>\n\n\n\n<p>nede\u013ea \u2013 28. janu\u00e1ra<\/p>\n\n\n\n<p>8:00 \u2013 Hrub\u00fd \u0160\u00far (ma\u010f.)<\/p>\n\n\n\n<p>9:30 \u2013 Kostoln\u00e1 (ma\u010f.)<\/p>\n\n\n\n<p>11:00 \u2013 Kostoln\u00e1 (slov.)<\/p>\n\n\n\n<p>Teraz v nede\u013eu sme pozvan\u00ed na posledn\u00fd de\u0148 modlitbov\u00e9ho trojdnia v Kostolnej poobede o 15:00 do farsk\u00e9ho kostola. Pr\u00ed\u010fte str\u00e1vi\u0165 kr\u00e1sne chv\u00edle do t\u00f4ne P\u00e1novi bl\u00edzkosti.<\/p>\n\n\n\n<p>Spoveda\u0165 budem v na\u0161ej farnosti tento t\u00fd\u017ede\u0148 v Kostolnej v utorok, stredu a piatok od 16.00 do 17:00. V tom \u010dase bude v kostole ador\u00e1cia.<\/p>\n\n\n\n<p>Ost\u00e1vaj\u00fa posledn\u00e9 l\u00edstky na \u201cFarsk\u00fd ve\u010der\u201d, ktor\u00fd sa uskuto\u010dn\u00ed 3.2.2024 v Kostolnej od 19:00 v kult\u00farnom dome. Vstupn\u00e9 pre dospel\u00fa osobu (od 16 rokov) je 20 \u20ac, pre ml\u00e1de\u017e (od 6-15 rokov) je 10 \u20ac a deti do 5 rokov (vr\u00e1tane) s\u00fa zadarmo. Nealkoholick\u00e9 n\u00e1poje bud\u00fa k dispoz\u00edcii bezplatne, alkohol si pros\u00edm prineste pod\u013ea preferenci\u00ed. \u010cak\u00e1 na V\u00e1s ve\u010dera, kapustnica, dobr\u00e1 hudba a hlavne v\u00fdborn\u00e1 spolo\u010dnos\u0165. Z\u00e1v\u00e4zn\u00e9 prihlasovanie (s povinnos\u0165ou platby) u p. Mi\u0161ky Jasenovcovej (tel. 0904 910 164). Te\u0161\u00edme sa na V\u00e1s.<\/p>\n\n\n\n<p>Poz\u00fdvame man\u017eelsk\u00e9 p\u00e1ry n\u00e1\u0161ho farsk\u00e9ho spolo\u010denstva, aby sa zapojili do aktivity, ktor\u00e1 bude spo\u010d\u00edva\u0165 zo 6 \u00faloh po\u010das 3 t\u00fd\u017ed\u0148ov od 28. janu\u00e1ra do 18. febru\u00e1ra. \u00dalohy bud\u00fa zverejnen\u00e9 na na\u0161ej FB str\u00e1nke, na n\u00e1stenk\u00e1ch na\u0161ich kostolov a na let\u00e1koch. Fotky z plnenia \u00faloh po\u0161lite na sillodental@gmail.com. Spomedzi akt\u00edvnych man\u017eelsk\u00fdch p\u00e1rov vy\u017erebujeme v\u00fdhercov, ktor\u00ed na om\u0161i 18. febru\u00e1ra po obnoven\u00ed man\u017eelsk\u00e9ho s\u013eubu z\u00edskaj\u00fa ceny.<\/p>\n\n\n\n<p>Minulot\u00fd\u017ed\u0148ov\u00e1 pravideln\u00e1 mesa\u010dn\u00e1 zbierka na opravu farsk\u00e9ho kostola a prev\u00e1dzkov\u00e9 n\u00e1klady farnosti vyniesla v Kostolnej 1055 \u20ac, Hrubej Bor\u0161i 140,60 \u20ac a v Hrubom \u0160\u00fare 179,50 \u20ac. \u00daprimne \u010fakujem.<\/p>\n\n\n\n<p>S \u00factou,<\/p>\n\n\n\n<p>Pavol Gajdo\u0161, v\u00e1\u0161 far\u00e1r<\/p>\n","protected":false},"excerpt":{"rendered":"<p>U\u010denie s mocou je to, \u010do m\u00f4\u017ee skuto\u010dne pohn\u00fa\u0165 s \u013eudskou du\u0161ou. U\u010denie bez moci a ani moc bez u\u010denia nikam neved\u00fa. \u010co \u0161\u00edrime my? Sv\u00e4t\u00e9 om\u0161e u n\u00e1s: sobota ve\u010der \u2013 27. janu\u00e1ra (s nede\u013enou platnos\u0165ou) 17:00 \u2013 Hrub\u00e1 Bor\u0161a (slov.\/ma\u010f.) 18:00 \u2013 Kostoln\u00e1 (slov.) nede\u013ea \u2013 28. janu\u00e1ra 8:00 \u2013 Hrub\u00fd \u0160\u00far (ma\u010f.) &#8230; <span class=\"more\"><a class=\"more-link\" href=\"https:\/\/www.farakostolna.sk\/?p=8940\">[\u010c\u00edta\u0165 \u010falej&#8230;]<\/a><\/span><\/p>\n","protected":false},"author":1,"featured_media":8941,"comment_status":"open","ping_status":"open","sticky":false,"template":"","format":"standard","meta":{"footnotes":""},"categories":[13],"tags":[],"class_list":{"0":"entry","1":"post","2":"publish","3":"author-marian-jasenoveceltras-sk","4":"post-8940","6":"format-standard","7":"has-post-thumbnail","8":"category-oznamy"},"_links":{"self":[{"href":"https:\/\/www.farakostolna.sk\/index.php?rest_route=\/wp\/v2\/posts\/8940","targetHints":{"allow":["GET"]}}],"collection":[{"href":"https:\/\/www.farakostolna.sk\/index.php?rest_route=\/wp\/v2\/posts"}],"about":[{"href":"https:\/\/www.farakostolna.sk\/index.php?rest_route=\/wp\/v2\/types\/post"}],"author":[{"embeddable":true,"href":"https:\/\/www.farakostolna.sk\/index.php?rest_route=\/wp\/v2\/users\/1"}],"replies":[{"embeddable":true,"href":"https:\/\/www.farakostolna.sk\/index.php?rest_route=%2Fwp%2Fv2%2Fcomments&post=8940"}],"version-history":[{"count":2,"href":"https:\/\/www.farakostolna.sk\/index.php?rest_route=\/wp\/v2\/posts\/8940\/revisions"}],"predecessor-version":[{"id":8943,"href":"https:\/\/www.farakostolna.sk\/index.php?rest_route=\/wp\/v2\/posts\/8940\/revisions\/8943"}],"wp:featuredmedia":[{"embeddable":true,"href":"https:\/\/www.farakostolna.sk\/index.php?rest_route=\/wp\/v2\/media\/8941"}],"wp:attachment":[{"href":"https:\/\/www.farakostolna.sk\/index.php?rest_route=%2Fwp%2Fv2%2Fmedia&parent=8940"}],"wp:term":[{"taxonomy":"category","embeddable":true,"href":"https:\/\/www.farakostolna.sk\/index.php?rest_route=%2Fwp%2Fv2%2Fcategories&post=8940"},{"taxonomy":"post_tag","embeddable":true,"href":"https:\/\/www.farakostolna.sk\/index.php?rest_route=%2Fwp%2Fv2%2Ftags&post=8940"}],"curies":[{"name":"wp","href":"https:\/\/api.w.org\/{rel}","templated":true}]}}