{"id":8838,"date":"2024-01-12T22:07:15","date_gmt":"2024-01-12T22:07:15","guid":{"rendered":"https:\/\/www.farakostolna.sk\/?p=8804"},"modified":"2024-01-15T12:15:04","modified_gmt":"2024-01-15T12:15:04","slug":"farske-oznamy-a-zamyslenie-14-01-2024","status":"publish","type":"post","link":"https:\/\/www.farakostolna.sk\/?p=8838","title":{"rendered":"Farsk\u00e9 oznamy a zamyslenie (14.01.2024)"},"content":{"rendered":"<div class=\"wp-block-image\">\n<figure class=\"aligncenter size-full\"><img loading=\"lazy\" decoding=\"async\" width=\"525\" height=\"343\" src=\"https:\/\/www.farakostolna.sk\/wp-content\/uploads\/2024\/01\/WhatsApp-Image-2024-01-12-at-23.04.02_dee75b6c.jpg\" alt=\"\" class=\"wp-image-1437\" srcset=\"https:\/\/www.farakostolna.sk\/wp-content\/uploads\/2024\/01\/WhatsApp-Image-2024-01-12-at-23.04.02_dee75b6c.jpg 525w, https:\/\/www.farakostolna.sk\/wp-content\/uploads\/2024\/01\/WhatsApp-Image-2024-01-12-at-23.04.02_dee75b6c-300x196.jpg 300w\" sizes=\"auto, (max-width: 525px) 100vw, 525px\" \/><\/figure>\n<\/div>\n\n\n<p><\/p>\n\n\n\n<p>Ondrej priviedol k Je\u017ei\u0161ovi Petra &#8211; prv\u00e9ho p\u00e1pe\u017ea. Koho si priviedol\/privedie\u0161 Ty?<\/p>\n\n\n\n<p><strong>Sv\u00e4t\u00e9 om\u0161e u n\u00e1s:<\/strong><\/p>\n\n\n\n<p><strong>sobota ve\u010der \u2013 13. janu\u00e1ra (s nede\u013enou platnos\u0165ou)<\/strong><\/p>\n\n\n\n<ul class=\"wp-block-list\">\n<li><strong>17:00 \u2013 Hrub\u00e1 Bor\u0161a (slov.\/ma\u010f.)<\/strong><\/li>\n\n\n\n<li><strong>18:00 \u2013 Kostoln\u00e1 (slov.)<\/strong><\/li>\n<\/ul>\n\n\n\n<p><strong>nede\u013ea \u2013 14. janu\u00e1ra<\/strong><\/p>\n\n\n\n<ul class=\"wp-block-list\">\n<li><strong>8:00 \u2013 Hrub\u00fd \u0160\u00far (ma\u010f.)<\/strong><\/li>\n\n\n\n<li><strong>9:30 \u2013 Kostoln\u00e1 (ma\u010f.)<\/strong><\/li>\n\n\n\n<li><strong>11:00 \u2013 Kostoln\u00e1 (slov.)<\/strong><\/li>\n<\/ul>\n\n\n\n<p>Spoveda\u0165 budem v na\u0161ej farnosti tento t\u00fd\u017ede\u0148 v Kostolnej v stredu, \u0161tvrtok a piatok od 16.00 do 17:00. V tom \u010dase bude v kostole ador\u00e1cia.<\/p>\n\n\n\n<p><strong>D\u0148a 03.02.2024 sa v kult\u00farnom dome v Kostolnej pri Dunaji uskuto\u010dn\u00ed \u201cFarsk\u00fd ve\u010der\u201d.<\/strong> Za\u010d\u00edna\u0165 budeme okolo 19.00 hod. (po sv\u00e4tej om\u0161i). Vstupn\u00e9 pre dospel\u00fa osobu (od 16 rokov) je 20 Euro, pre die\u0165a (od 6-15 rokov) je 10 Euro a deti do 5 rokov (vr\u00e1tane) s\u00fa zadarmo. Nealkoholick\u00e9 n\u00e1poje bud\u00fa k dispoz\u00edcii bezplatne, alkohol si pros\u00edm prineste pod\u013ea preferenci\u00ed. \u010cak\u00e1 na V\u00e1s ve\u010dera, kapustnica, dobr\u00e1 hudba a hlavne v\u00fdborn\u00e1 spolo\u010dnos\u0165. Z\u00e1v\u00e4zn\u00e9 prihlasovanie (s povinnos\u0165ou platby) sa spust\u00ed bud\u00facu nede\u013eu (21.01.2024) u Mi\u0161ky Jasenovcovej (tel. 0904 910 164). Te\u0161\u00edme&nbsp;sa&nbsp;na&nbsp;V\u00e1s.<\/p>\n\n\n\n<p>O t\u00fd\u017ede\u0148 bude pravideln\u00e1 mesa\u010dn\u00e1 zbierka na opravu farsk\u00e9ho kostola a prev\u00e1dzkov\u00e9 n\u00e1klady farnosti. Vopred \u010fakujem.<\/p>\n\n\n\n<p>S \u00factou, <br>Pavol Gajdo\u0161,&nbsp;v\u00e1\u0161&nbsp;far\u00e1r<\/p>\n","protected":false},"excerpt":{"rendered":"<p>Ondrej priviedol k Je\u017ei\u0161ovi Petra &#8211; prv\u00e9ho p\u00e1pe\u017ea. Koho si priviedol\/privedie\u0161 Ty? Sv\u00e4t\u00e9 om\u0161e u n\u00e1s: sobota ve\u010der \u2013 13. janu\u00e1ra (s nede\u013enou platnos\u0165ou) nede\u013ea \u2013 14. janu\u00e1ra Spoveda\u0165 budem v na\u0161ej farnosti tento t\u00fd\u017ede\u0148 v Kostolnej v stredu, \u0161tvrtok a piatok od 16.00 do 17:00. V tom \u010dase bude v kostole ador\u00e1cia. D\u0148a 03.02.2024 &#8230; <span class=\"more\"><a class=\"more-link\" href=\"https:\/\/www.farakostolna.sk\/?p=8838\">[\u010c\u00edta\u0165 \u010falej&#8230;]<\/a><\/span><\/p>\n","protected":false},"author":7,"featured_media":1437,"comment_status":"closed","ping_status":"closed","sticky":false,"template":"","format":"standard","meta":{"footnotes":""},"categories":[13],"tags":[],"class_list":{"0":"entry","1":"post","2":"publish","3":"author-slado89gmail-com","4":"post-8838","6":"format-standard","7":"has-post-thumbnail","8":"category-oznamy"},"_links":{"self":[{"href":"https:\/\/www.farakostolna.sk\/index.php?rest_route=\/wp\/v2\/posts\/8838","targetHints":{"allow":["GET"]}}],"collection":[{"href":"https:\/\/www.farakostolna.sk\/index.php?rest_route=\/wp\/v2\/posts"}],"about":[{"href":"https:\/\/www.farakostolna.sk\/index.php?rest_route=\/wp\/v2\/types\/post"}],"author":[{"embeddable":true,"href":"https:\/\/www.farakostolna.sk\/index.php?rest_route=\/wp\/v2\/users\/7"}],"replies":[{"embeddable":true,"href":"https:\/\/www.farakostolna.sk\/index.php?rest_route=%2Fwp%2Fv2%2Fcomments&post=8838"}],"version-history":[{"count":1,"href":"https:\/\/www.farakostolna.sk\/index.php?rest_route=\/wp\/v2\/posts\/8838\/revisions"}],"predecessor-version":[{"id":8869,"href":"https:\/\/www.farakostolna.sk\/index.php?rest_route=\/wp\/v2\/posts\/8838\/revisions\/8869"}],"wp:featuredmedia":[{"embeddable":true,"href":"https:\/\/www.farakostolna.sk\/index.php?rest_route=\/wp\/v2\/media\/1437"}],"wp:attachment":[{"href":"https:\/\/www.farakostolna.sk\/index.php?rest_route=%2Fwp%2Fv2%2Fmedia&parent=8838"}],"wp:term":[{"taxonomy":"category","embeddable":true,"href":"https:\/\/www.farakostolna.sk\/index.php?rest_route=%2Fwp%2Fv2%2Fcategories&post=8838"},{"taxonomy":"post_tag","embeddable":true,"href":"https:\/\/www.farakostolna.sk\/index.php?rest_route=%2Fwp%2Fv2%2Ftags&post=8838"}],"curies":[{"name":"wp","href":"https:\/\/api.w.org\/{rel}","templated":true}]}}