{"id":8837,"date":"2024-01-05T22:42:37","date_gmt":"2024-01-05T22:42:37","guid":{"rendered":"https:\/\/www.farakostolna.sk\/?p=8797"},"modified":"2024-01-15T12:15:31","modified_gmt":"2024-01-15T12:15:31","slug":"farske-oznamy-a-zamyslenie-07-01-2024","status":"publish","type":"post","link":"https:\/\/www.farakostolna.sk\/?p=8837","title":{"rendered":"Farsk\u00e9 oznamy a zamyslenie (07.01.2024)"},"content":{"rendered":"<div class=\"wp-block-image\">\n<figure class=\"aligncenter size-large is-resized\"><img decoding=\"async\" src=\"https:\/\/www.farakostolna.sk\/wp-content\/uploads\/2024\/01\/WhatsApp-Image-2024-01-05-at-23.38.23_10e61263.jpg\" alt=\"\" style=\"width:517px;height:auto\"\/><\/figure>\n<\/div>\n\n\n<p><\/p>\n\n\n\n<p>Je\u017ei\u0161 n\u00e1s neust\u00e1le prekvapuje &#8211; po\u010dat\u00edm, naroden\u00edm a teraz krstom. V\u0161ade je jednozna\u010dn\u00fd Bo\u017e\u00ed podpis. Nie ka\u017ed\u00fd ho v\u0161ak vid\u00ed. Po\u010dujeme ten mocn\u00fd hlas nad Je\u017ei\u0161om: \u201eTy si m\u00f4j milovan\u00fd Syn.&#8221;?<\/p>\n\n\n\n<p><strong>Sv\u00e4t\u00e9 om\u0161e u n\u00e1s:<\/strong><\/p>\n\n\n\n<p><strong>sobota \u2013 6. janu\u00e1ra &#8211; Zjavenie P\u00e1na<\/strong><\/p>\n\n\n\n<ul class=\"wp-block-list\">\n<li><strong>8:00 \u2013 Hrub\u00fd \u0160\u00far (ma\u010f.)<\/strong><\/li>\n\n\n\n<li><strong>9:30 \u2013 Kostoln\u00e1 (ma\u010f.)<\/strong><\/li>\n\n\n\n<li><strong>11:00 \u2013 Kostoln\u00e1 (slov.)<\/strong><\/li>\n<\/ul>\n\n\n\n<p><strong>sobota ve\u010der \u2013 6. janu\u00e1ra (s nede\u013enou platnos\u0165ou)<\/strong><\/p>\n\n\n\n<ul class=\"wp-block-list\">\n<li><strong>17:00 \u2013 Hrub\u00e1 Bor\u0161a (slov.\/ma\u010f.)<\/strong><\/li>\n<\/ul>\n\n\n\n<p><strong>nede\u013ea \u2013 7. janu\u00e1ra<\/strong><\/p>\n\n\n\n<ul class=\"wp-block-list\">\n<li><strong>8:00 \u2013 Hrub\u00fd \u0160\u00far (ma\u010f.)<\/strong><\/li>\n\n\n\n<li><strong>9:30 \u2013 Kostoln\u00e1 (ma\u010f.)<\/strong><\/li>\n\n\n\n<li><strong>11:00 \u2013 Kostoln\u00e1 (slov.-rod.)<\/strong><\/li>\n<\/ul>\n\n\n\n<p><strong>V t\u00fato sobotu (6.1.) v Kostolnej o 18:00 v\u00fdnimo\u010dne NEBUDE sv\u00e4t\u00e1 om\u0161a!<\/strong><\/p>\n\n\n\n<p>V t\u00fato nede\u013eu je o 11:00 tzv. rodinn\u00e1 sv\u00e4t\u00e1 om\u0161a. Poz\u00fdvame v\u0161etky deti spolu s rodi\u010dmi.<\/p>\n\n\n\n<p>Spoveda\u0165 budem v na\u0161ej farnosti tento t\u00fd\u017ede\u0148 v Kostolnej v stredu, \u0161tvrtok a piatok od 16.00 do 17:00. V tom \u010dase bude v kostole ador\u00e1cia.<\/p>\n\n\n\n<p>Od sviatku Zjavenia P\u00e1na \u2013 \u013eudovo naz\u00fdvan\u00e9ho \u201eTroch kr\u00e1\u013eov\u201c chod\u00edm posviaca\u0165 domy. Z\u00e1ujemcovia sa hl\u00e1ste u m\u0148a v sakristii.<\/p>\n\n\n\n<p>S \u00factou, <br>Pavol Gajdo\u0161,\u00a0v\u00e1\u0161\u00a0far\u00e1r<\/p>\n","protected":false},"excerpt":{"rendered":"<p>Je\u017ei\u0161 n\u00e1s neust\u00e1le prekvapuje &#8211; po\u010dat\u00edm, naroden\u00edm a teraz krstom. V\u0161ade je jednozna\u010dn\u00fd Bo\u017e\u00ed podpis. Nie ka\u017ed\u00fd ho v\u0161ak vid\u00ed. Po\u010dujeme ten mocn\u00fd hlas nad Je\u017ei\u0161om: \u201eTy si m\u00f4j milovan\u00fd Syn.&#8221;? Sv\u00e4t\u00e9 om\u0161e u n\u00e1s: sobota \u2013 6. janu\u00e1ra &#8211; Zjavenie P\u00e1na sobota ve\u010der \u2013 6. janu\u00e1ra (s nede\u013enou platnos\u0165ou) nede\u013ea \u2013 7. janu\u00e1ra V &#8230; <span class=\"more\"><a class=\"more-link\" href=\"https:\/\/www.farakostolna.sk\/?p=8837\">[\u010c\u00edta\u0165 \u010falej&#8230;]<\/a><\/span><\/p>\n","protected":false},"author":7,"featured_media":1436,"comment_status":"closed","ping_status":"closed","sticky":false,"template":"","format":"standard","meta":{"footnotes":""},"categories":[13],"tags":[],"class_list":{"0":"entry","1":"post","2":"publish","3":"author-slado89gmail-com","4":"post-8837","6":"format-standard","7":"has-post-thumbnail","8":"category-oznamy"},"_links":{"self":[{"href":"https:\/\/www.farakostolna.sk\/index.php?rest_route=\/wp\/v2\/posts\/8837","targetHints":{"allow":["GET"]}}],"collection":[{"href":"https:\/\/www.farakostolna.sk\/index.php?rest_route=\/wp\/v2\/posts"}],"about":[{"href":"https:\/\/www.farakostolna.sk\/index.php?rest_route=\/wp\/v2\/types\/post"}],"author":[{"embeddable":true,"href":"https:\/\/www.farakostolna.sk\/index.php?rest_route=\/wp\/v2\/users\/7"}],"replies":[{"embeddable":true,"href":"https:\/\/www.farakostolna.sk\/index.php?rest_route=%2Fwp%2Fv2%2Fcomments&post=8837"}],"version-history":[{"count":1,"href":"https:\/\/www.farakostolna.sk\/index.php?rest_route=\/wp\/v2\/posts\/8837\/revisions"}],"predecessor-version":[{"id":8870,"href":"https:\/\/www.farakostolna.sk\/index.php?rest_route=\/wp\/v2\/posts\/8837\/revisions\/8870"}],"wp:featuredmedia":[{"embeddable":true,"href":"https:\/\/www.farakostolna.sk\/index.php?rest_route=\/wp\/v2\/media\/1436"}],"wp:attachment":[{"href":"https:\/\/www.farakostolna.sk\/index.php?rest_route=%2Fwp%2Fv2%2Fmedia&parent=8837"}],"wp:term":[{"taxonomy":"category","embeddable":true,"href":"https:\/\/www.farakostolna.sk\/index.php?rest_route=%2Fwp%2Fv2%2Fcategories&post=8837"},{"taxonomy":"post_tag","embeddable":true,"href":"https:\/\/www.farakostolna.sk\/index.php?rest_route=%2Fwp%2Fv2%2Ftags&post=8837"}],"curies":[{"name":"wp","href":"https:\/\/api.w.org\/{rel}","templated":true}]}}