{"id":8835,"date":"2023-12-22T22:13:59","date_gmt":"2023-12-22T22:13:59","guid":{"rendered":"https:\/\/www.farakostolna.sk\/?p=8770"},"modified":"2024-01-15T12:16:35","modified_gmt":"2024-01-15T12:16:35","slug":"farske-oznamy-a-zamyslenie-24-12-2023","status":"publish","type":"post","link":"https:\/\/www.farakostolna.sk\/?p=8835","title":{"rendered":"Farsk\u00e9 oznamy a zamyslenie (24.12.2023)"},"content":{"rendered":"<div class=\"wp-block-image\">\n<figure class=\"aligncenter size-large\"><img loading=\"lazy\" decoding=\"async\" width=\"1024\" height=\"576\" src=\"https:\/\/www.farakostolna.sk\/wp-content\/uploads\/2024\/01\/WhatsApp-Image-2023-12-22-at-22.53.58_d4ed8a0b-1024x576.jpg\" alt=\"\" class=\"wp-image-1434\" srcset=\"https:\/\/www.farakostolna.sk\/wp-content\/uploads\/2024\/01\/WhatsApp-Image-2023-12-22-at-22.53.58_d4ed8a0b-1024x576.jpg 1024w, https:\/\/www.farakostolna.sk\/wp-content\/uploads\/2024\/01\/WhatsApp-Image-2023-12-22-at-22.53.58_d4ed8a0b-300x169.jpg 300w, https:\/\/www.farakostolna.sk\/wp-content\/uploads\/2024\/01\/WhatsApp-Image-2023-12-22-at-22.53.58_d4ed8a0b-768x432.jpg 768w, https:\/\/www.farakostolna.sk\/wp-content\/uploads\/2024\/01\/WhatsApp-Image-2023-12-22-at-22.53.58_d4ed8a0b-1536x864.jpg 1536w, https:\/\/www.farakostolna.sk\/wp-content\/uploads\/2024\/01\/WhatsApp-Image-2023-12-22-at-22.53.58_d4ed8a0b.jpg 1600w\" sizes=\"auto, (max-width: 1024px) 100vw, 1024px\" \/><\/figure>\n<\/div>\n\n\n<p>Boh odkazuje cez svojho anjela M\u00e1rii, aby sa neb\u00e1la prija\u0165 Je\u017ei\u0161a a Jozefovi, aby sa neb\u00e1l prija\u0165 M\u00e1riu. Aj pre Teba m\u00e1 rovnak\u00fd odkaz. Posl\u00fachne\u0161 ho?<\/p>\n\n\n\n<p><strong>Sv\u00e4t\u00e9 om\u0161e po\u010das sviatkov:<\/strong><\/p>\n\n\n\n<p><strong>sobota \u2013 23. decembra (s nede\u013enou platnos\u0165ou)<\/strong><\/p>\n\n\n\n<ul class=\"wp-block-list\">\n<li><strong>17:00 \u2013 Hrub\u00e1 Bor\u0161a (slov.\/ma\u010f.)<\/strong><\/li>\n\n\n\n<li><strong>18:00 \u2013 Kostoln\u00e1 (slov.)<\/strong><\/li>\n<\/ul>\n\n\n\n<p><strong>nede\u013ea \u2013 24. decembra<\/strong><\/p>\n\n\n\n<ul class=\"wp-block-list\">\n<li><strong>8:00 \u2013 Hrub\u00fd \u0160\u00far (ma\u010f.)<\/strong><\/li>\n\n\n\n<li><strong>9:30 \u2013 Kostoln\u00e1 (ma\u010f.)<\/strong><\/li>\n\n\n\n<li><strong>11:00 \u2013 Kostoln\u00e1 (slov.)<\/strong><br>\u2014\u2014\u2014\u2014\u2014\u2014\u2014\u2014\u2014\u2014\u2014<\/li>\n\n\n\n<li><strong>22:00 \u2013 Kostoln\u00e1 (slov.\/ma\u010f.\/lat.)<\/strong><\/li>\n<\/ul>\n\n\n\n<p><strong>pondelok \u2013 25. decembra<\/strong><\/p>\n\n\n\n<ul class=\"wp-block-list\">\n<li><strong>8:00 \u2013 Hrub\u00fd \u0160\u00far (ma\u010f.)<\/strong><\/li>\n\n\n\n<li><strong>9:30 \u2013 Kostoln\u00e1 (ma\u010f.)<\/strong><\/li>\n\n\n\n<li><strong>11:00 \u2013 Kostoln\u00e1 (slov.)<\/strong><\/li>\n\n\n\n<li><strong>17:00 \u2013 Hrub\u00e1 Bor\u0161a (slov.\/ma\u010f.)<\/strong><\/li>\n<\/ul>\n\n\n\n<p><strong>utorok \u2013 26. decembra<\/strong><\/p>\n\n\n\n<ul class=\"wp-block-list\">\n<li><strong>8:00 \u2013 Hrub\u00fd \u0160\u00far (ma\u010f.)<\/strong><\/li>\n\n\n\n<li><strong>9:30 \u2013 Kostoln\u00e1 (ma\u010f.)<\/strong><\/li>\n\n\n\n<li><strong>11:00 \u2013 Kostoln\u00e1 (slov.)<\/strong><\/li>\n<\/ul>\n\n\n\n<p><strong>Teraz v nede\u013eu (24.12.) bud\u00fa na\u0161i skauti na sv\u00e4t\u00fdch om\u0161iach rozd\u00e1va\u0165 \u201cBetlehemsk\u00e9 svetlo\u201d. Vyst\u00fapia aj s kr\u00e1tkym programom. Po sv\u00e4tej om\u0161i ich m\u00f4\u017eeme podpori\u0165 dobrovo\u013en\u00fdm pr\u00edspevkom na chod po\u010das cel\u00e9ho roka.<\/strong><\/p>\n\n\n\n<p>Taktie\u017e je v tento v\u00edkend posledn\u00e1 tohtoro\u010dn\u00e1 zbierka na opravu farsk\u00e9ho kostola a prev\u00e1dzkov\u00e9 n\u00e1klady farnosti. Vopred \u010fakujem.<\/p>\n\n\n\n<p><strong>Po \u201cpolno\u010dnej\u201d (22:00) v\u0161etk\u00fdch u\u017e tradi\u010dne poz\u00fdvam na poh\u00e1rik viano\u010dn\u00e9ho pun\u010du a tepl\u00fd \u010daj.<\/strong><\/p>\n\n\n\n<p>V pondelok je viano\u010dn\u00e1 ofera.<\/p>\n\n\n\n<p>Chor\u00fdch budem nav\u0161tevova\u0165 po domoch 25. decembra 2023 (v pondelok na prv\u00fd sviatok viano\u010dn\u00fd), aby som im priniesol sv. prij\u00edmanie od 13:30 do 15:00.<\/p>\n\n\n\n<p>Spoveda\u0165 budem v na\u0161ej farnosti v Kostolnej a\u017e vo \u0161tvrtok a piatok od 16.00 do 17:00. V tom \u010dase bude v kostole ador\u00e1cia.<\/p>\n\n\n\n<p><strong>Pros\u00edm, neparkujte v Kostolnej na autobusovej zast\u00e1vke po\u010das sv\u00e4t\u00fdch om\u0161\u00ed. <\/strong>Okrem toho, \u017ee v\u00e1m hroz\u00ed pokuta od dopravnej pol\u00edcie, pohor\u0161ujeme ako kres\u0165ania ostatn\u00fdch. Od jari bude op\u00e4\u0165 mo\u017en\u00e9 parkova\u0165 aj na farskej z\u00e1hrade, teraz by sa tam e\u0161te aut\u00e1 zaborili do blata. Te\u0161\u00edme sa ka\u017ed\u00e9mu n\u00e1v\u0161tevn\u00edkovi n\u00e1\u0161ho chr\u00e1mu! Pri obsaden\u00ed parkovac\u00edch miest za kult\u00farnym domom sk\u00faste parkova\u0165 napr\u00edklad aj pri ne\u010falek\u00fdch potravin\u00e1ch (150 metrov), ke\u010f\u017ee v nede\u013eu a sviatky s\u00fa zatvoren\u00e9. Telesne postihnut\u00ed m\u00f4\u017eu v tomto \u010dase parkova\u0165 aj priamo vo dvore fary. \u010eakujem za porozumenie.<\/p>\n\n\n\n<p>Prajem v\u0161etk\u00fdm milostipln\u00e9 viano\u010dn\u00e9 sviatky a te\u0161\u00edm sa na spolo\u010dn\u00e9 stretnutia v Bo\u017eom chr\u00e1me.<\/p>\n\n\n\n<p>S \u00factou a v\u010fa\u010dnos\u0165ou, <br>Pavol Gajdo\u0161,&nbsp;v\u00e1\u0161&nbsp;far\u00e1r<\/p>\n","protected":false},"excerpt":{"rendered":"<p>Boh odkazuje cez svojho anjela M\u00e1rii, aby sa neb\u00e1la prija\u0165 Je\u017ei\u0161a a Jozefovi, aby sa neb\u00e1l prija\u0165 M\u00e1riu. Aj pre Teba m\u00e1 rovnak\u00fd odkaz. Posl\u00fachne\u0161 ho? Sv\u00e4t\u00e9 om\u0161e po\u010das sviatkov: sobota \u2013 23. decembra (s nede\u013enou platnos\u0165ou) nede\u013ea \u2013 24. decembra pondelok \u2013 25. decembra utorok \u2013 26. decembra Teraz v nede\u013eu (24.12.) bud\u00fa na\u0161i &#8230; <span class=\"more\"><a class=\"more-link\" href=\"https:\/\/www.farakostolna.sk\/?p=8835\">[\u010c\u00edta\u0165 \u010falej&#8230;]<\/a><\/span><\/p>\n","protected":false},"author":7,"featured_media":1434,"comment_status":"closed","ping_status":"closed","sticky":false,"template":"","format":"standard","meta":{"footnotes":""},"categories":[13],"tags":[],"class_list":{"0":"entry","1":"post","2":"publish","3":"author-slado89gmail-com","4":"post-8835","6":"format-standard","7":"has-post-thumbnail","8":"category-oznamy"},"_links":{"self":[{"href":"https:\/\/www.farakostolna.sk\/index.php?rest_route=\/wp\/v2\/posts\/8835","targetHints":{"allow":["GET"]}}],"collection":[{"href":"https:\/\/www.farakostolna.sk\/index.php?rest_route=\/wp\/v2\/posts"}],"about":[{"href":"https:\/\/www.farakostolna.sk\/index.php?rest_route=\/wp\/v2\/types\/post"}],"author":[{"embeddable":true,"href":"https:\/\/www.farakostolna.sk\/index.php?rest_route=\/wp\/v2\/users\/7"}],"replies":[{"embeddable":true,"href":"https:\/\/www.farakostolna.sk\/index.php?rest_route=%2Fwp%2Fv2%2Fcomments&post=8835"}],"version-history":[{"count":1,"href":"https:\/\/www.farakostolna.sk\/index.php?rest_route=\/wp\/v2\/posts\/8835\/revisions"}],"predecessor-version":[{"id":8872,"href":"https:\/\/www.farakostolna.sk\/index.php?rest_route=\/wp\/v2\/posts\/8835\/revisions\/8872"}],"wp:featuredmedia":[{"embeddable":true,"href":"https:\/\/www.farakostolna.sk\/index.php?rest_route=\/wp\/v2\/media\/1434"}],"wp:attachment":[{"href":"https:\/\/www.farakostolna.sk\/index.php?rest_route=%2Fwp%2Fv2%2Fmedia&parent=8835"}],"wp:term":[{"taxonomy":"category","embeddable":true,"href":"https:\/\/www.farakostolna.sk\/index.php?rest_route=%2Fwp%2Fv2%2Fcategories&post=8835"},{"taxonomy":"post_tag","embeddable":true,"href":"https:\/\/www.farakostolna.sk\/index.php?rest_route=%2Fwp%2Fv2%2Ftags&post=8835"}],"curies":[{"name":"wp","href":"https:\/\/api.w.org\/{rel}","templated":true}]}}