{"id":8832,"date":"2013-11-17T18:40:56","date_gmt":"2013-11-17T18:40:56","guid":{"rendered":"http:\/\/kostolna.fara.sk\/?p=1420"},"modified":"2013-11-17T18:40:56","modified_gmt":"2013-11-17T18:40:56","slug":"skautske-narodeniny","status":"publish","type":"post","link":"https:\/\/www.farakostolna.sk\/?p=8832","title":{"rendered":"Skautsk\u00e9 narodeniny"},"content":{"rendered":"<p>\t\t\t\t<a href=\"http:\/\/kostolna.fara.sk\/wp-content\/uploads\/2013\/11\/DSC07795.jpg\"><img loading=\"lazy\" decoding=\"async\" class=\"alignleft size-thumbnail wp-image-1422\" alt=\"SONY DSC\" src=\"http:\/\/kostolna.fara.sk\/wp-content\/uploads\/2013\/11\/DSC07795-e1384705659951-150x150.jpg\" width=\"150\" height=\"150\"><\/a>16. novembra 2013 sme si pripomenuli 22. narodeniny n\u00e1\u0161ho 11.-t\u00e9ho skautsk\u00e9ho oddielu sv. Imricha v na\u0161ej farnosti. <!--more-->Skautsk\u00e9 s\u013euby skladali \u00f4smi nov\u00fd kandid\u00e1ti. De\u0148 pred skladan\u00edm skautsk\u00fdch s\u013eubov kandid\u00e1ti prist\u00fapili aj k&nbsp;sviatosti zmierenia. Medzi n\u00e1s pri\u0161iel aj vz\u00e1cny hos\u0165 Zolt\u00e1n Kelecs\u00e9nyi, dnes u\u017e p\u00e1n vo svojich rokoch, ktor\u00fd pom\u00e1hal pred 22 rokmi Mons. Ladislavovi Paxymu, dnes u\u017e zosnul\u00e9mu duchovn\u00e9mu otcovi, zalo\u017ei\u0165 skauting vo farnosti. Po ofici\u00e1lnej \u010dasti nasledovali hry v&nbsp;miestnom kult\u00farnom dome, potom sme sa z\u00fa\u010dastnili sv. om\u0161e a&nbsp;na z\u00e1ver sme jedli puding z&nbsp;ve\u013ek\u00e9ho hrnca. \u010eakujeme za tento po\u017eehnan\u00fd \u010das!<\/p>\n<p>&nbsp;<\/p>\n<p><a href=\"https:\/\/plus.google.com\/u\/0\/photos\/113195793245664134546\/albums\/5947263549237893313\" target=\"_blank\" rel=\"noopener noreferrer\">Pozri foto:<\/a>\t\t\t\t<\/p>\n","protected":false},"excerpt":{"rendered":"<p>16. novembra 2013 sme si pripomenuli 22. narodeniny n\u00e1\u0161ho 11.-t\u00e9ho skautsk\u00e9ho oddielu sv. Imricha v na\u0161ej farnosti.<\/p>\n","protected":false},"author":1,"featured_media":1427,"comment_status":"closed","ping_status":"closed","sticky":false,"template":"","format":"standard","meta":{"footnotes":""},"categories":[5],"tags":[],"class_list":{"0":"entry","1":"post","2":"publish","3":"author-marian-jasenoveceltras-sk","4":"has-excerpt","5":"has-more-link","6":"post-8832","8":"format-standard","9":"has-post-thumbnail","10":"category-aktuality"},"_links":{"self":[{"href":"https:\/\/www.farakostolna.sk\/index.php?rest_route=\/wp\/v2\/posts\/8832","targetHints":{"allow":["GET"]}}],"collection":[{"href":"https:\/\/www.farakostolna.sk\/index.php?rest_route=\/wp\/v2\/posts"}],"about":[{"href":"https:\/\/www.farakostolna.sk\/index.php?rest_route=\/wp\/v2\/types\/post"}],"author":[{"embeddable":true,"href":"https:\/\/www.farakostolna.sk\/index.php?rest_route=\/wp\/v2\/users\/1"}],"replies":[{"embeddable":true,"href":"https:\/\/www.farakostolna.sk\/index.php?rest_route=%2Fwp%2Fv2%2Fcomments&post=8832"}],"version-history":[{"count":0,"href":"https:\/\/www.farakostolna.sk\/index.php?rest_route=\/wp\/v2\/posts\/8832\/revisions"}],"wp:featuredmedia":[{"embeddable":true,"href":"https:\/\/www.farakostolna.sk\/index.php?rest_route=\/wp\/v2\/media\/1427"}],"wp:attachment":[{"href":"https:\/\/www.farakostolna.sk\/index.php?rest_route=%2Fwp%2Fv2%2Fmedia&parent=8832"}],"wp:term":[{"taxonomy":"category","embeddable":true,"href":"https:\/\/www.farakostolna.sk\/index.php?rest_route=%2Fwp%2Fv2%2Fcategories&post=8832"},{"taxonomy":"post_tag","embeddable":true,"href":"https:\/\/www.farakostolna.sk\/index.php?rest_route=%2Fwp%2Fv2%2Ftags&post=8832"}],"curies":[{"name":"wp","href":"https:\/\/api.w.org\/{rel}","templated":true}]}}