{"id":8831,"date":"2013-11-13T21:38:43","date_gmt":"2013-11-13T21:38:43","guid":{"rendered":"http:\/\/kostolna.fara.sk\/?p=1407"},"modified":"2013-11-13T21:38:43","modified_gmt":"2013-11-13T21:38:43","slug":"sviatok-vsetkych-svatych-3","status":"publish","type":"post","link":"https:\/\/www.farakostolna.sk\/?p=8831","title":{"rendered":"Sviatok v\u0161etk\u00fdch sv\u00e4t\u00fdch"},"content":{"rendered":"<p>\t\t\t\t<a href=\"http:\/\/kostolna.fara.sk\/wp-content\/uploads\/2013\/11\/PB011737.jpg\"><img loading=\"lazy\" decoding=\"async\" class=\"alignleft size-thumbnail wp-image-1409\" alt=\"OLYMPUS DIGITAL CAMERA\" src=\"http:\/\/kostolna.fara.sk\/wp-content\/uploads\/2013\/11\/PB011737-150x150.jpg\" width=\"150\" height=\"150\"><\/a>V&nbsp;predve\u010der&nbsp; \u201edu\u0161i\u010diek\u201c na sviatok v\u0161etk\u00fdch sv\u00e4t\u00fdch 1. novembra 2013 sme op\u00e4\u0165 spolo\u010dne predn\u00e1\u0161ali svoje modlitby za na\u0161ich drah\u00fdch zosnul\u00fdch na na\u0161ich cintor\u00ednoch. <!--more--><!--more--><!--more--><!--more-->Kedysi existoval cintor\u00edn v&nbsp;bezprostrednej bl\u00edzkosti okolo n\u00e1\u0161ho farsk\u00e9ho kostola. Dnes m\u00e1 na\u0161a farnos\u0165 \u0161tyri cintor\u00edny: v&nbsp;Kostolnej, v Malom \u0160\u00fare, v Hrubom \u0160\u00fare a&nbsp;v Hrubej Bor\u0161i. Na sn\u00edmkach mo\u017eno vidie\u0165 z\u00e1bery z&nbsp;dvoch.<\/p>\n<p><a title=\"Sviatok Vsetkych Svatych 2013\" href=\"https:\/\/plus.google.com\/u\/0\/photos\/113195793245664134546\/albums\/5945858705787474753\" target=\"_blank\" rel=\"noopener noreferrer\">Foto:<\/a>\t\t\t\t<\/p>\n","protected":false},"excerpt":{"rendered":"<p>V&nbsp;predve\u010der&nbsp; \u201edu\u0161i\u010diek\u201c na sviatok v\u0161etk\u00fdch sv\u00e4t\u00fdch 1. novembra 2013 sme op\u00e4\u0165 spolo\u010dne predn\u00e1\u0161ali svoje modlitby za na\u0161ich drah\u00fdch zosnul\u00fdch na na\u0161ich cintor\u00ednoch.<\/p>\n","protected":false},"author":1,"featured_media":1409,"comment_status":"closed","ping_status":"closed","sticky":false,"template":"","format":"standard","meta":{"footnotes":""},"categories":[5],"tags":[24],"class_list":{"0":"entry","1":"post","2":"publish","3":"author-marian-jasenoveceltras-sk","4":"has-excerpt","5":"has-more-link","6":"post-8831","8":"format-standard","9":"has-post-thumbnail","10":"category-aktuality","11":"post_tag-aktuality"},"_links":{"self":[{"href":"https:\/\/www.farakostolna.sk\/index.php?rest_route=\/wp\/v2\/posts\/8831","targetHints":{"allow":["GET"]}}],"collection":[{"href":"https:\/\/www.farakostolna.sk\/index.php?rest_route=\/wp\/v2\/posts"}],"about":[{"href":"https:\/\/www.farakostolna.sk\/index.php?rest_route=\/wp\/v2\/types\/post"}],"author":[{"embeddable":true,"href":"https:\/\/www.farakostolna.sk\/index.php?rest_route=\/wp\/v2\/users\/1"}],"replies":[{"embeddable":true,"href":"https:\/\/www.farakostolna.sk\/index.php?rest_route=%2Fwp%2Fv2%2Fcomments&post=8831"}],"version-history":[{"count":0,"href":"https:\/\/www.farakostolna.sk\/index.php?rest_route=\/wp\/v2\/posts\/8831\/revisions"}],"wp:featuredmedia":[{"embeddable":true,"href":"https:\/\/www.farakostolna.sk\/index.php?rest_route=\/wp\/v2\/media\/1409"}],"wp:attachment":[{"href":"https:\/\/www.farakostolna.sk\/index.php?rest_route=%2Fwp%2Fv2%2Fmedia&parent=8831"}],"wp:term":[{"taxonomy":"category","embeddable":true,"href":"https:\/\/www.farakostolna.sk\/index.php?rest_route=%2Fwp%2Fv2%2Fcategories&post=8831"},{"taxonomy":"post_tag","embeddable":true,"href":"https:\/\/www.farakostolna.sk\/index.php?rest_route=%2Fwp%2Fv2%2Ftags&post=8831"}],"curies":[{"name":"wp","href":"https:\/\/api.w.org\/{rel}","templated":true}]}}