{"id":8830,"date":"2013-10-12T18:14:07","date_gmt":"2013-10-12T18:14:07","guid":{"rendered":"http:\/\/kostolna.fara.sk\/?p=1390"},"modified":"2013-10-12T18:14:07","modified_gmt":"2013-10-12T18:14:07","slug":"put-v-marianke","status":"publish","type":"post","link":"https:\/\/www.farakostolna.sk\/?p=8830","title":{"rendered":"P\u00fa\u0165 v Marianke"},"content":{"rendered":"<p>\t\t\t\t<a href=\"http:\/\/kostolna.fara.sk\/wp-content\/uploads\/2013\/10\/P1070210.jpg\"><img loading=\"lazy\" decoding=\"async\" class=\"alignleft size-thumbnail wp-image-1391\" alt=\"P1070210\" src=\"http:\/\/kostolna.fara.sk\/wp-content\/uploads\/2013\/10\/P1070210-150x150.jpg\" width=\"150\" height=\"150\"><\/a>Z roka na rok prib\u00fada po\u010det p\u00fatnikov na ka\u017edoro\u010dnej okt\u00f3brovej p\u00fati v Marianke ku cti Panny M\u00e1rie kr\u00e1\u013eovnej Ma\u010farov. <!--more-->Sv\u00e4t\u00fa om\u0161u v pr\u00edtomnosti mnoh\u00edch k\u0148azov celebroval Dr. Zolt\u00e1n Osztie, budape\u0161tiansky dekan. Po sv\u00e4tej om\u0161i, na ktorej viac ako 2500 veriacich prist\u00fapilo k sv\u00e4t\u00e9mu prij\u00edmaniu, sa konala spolo\u010dn\u00e1 kr\u00ed\u017eov\u00e1 cesta. Aj z na\u0161ej farnosti sme vypravili jeden autobus.<\/p>\n<p><a href=\"https:\/\/plus.google.com\/u\/0\/photos\/113195793245664134546\/albums\/5934592107161521681\" target=\"_blank\" rel=\"noopener noreferrer\">Fotky s\u00fa tu: Naforil&nbsp;Duray Rezs\u0151<\/a>\t\t\t\t<\/p>\n","protected":false},"excerpt":{"rendered":"<p>Z roka na rok prib\u00fada po\u010det p\u00fatnikov na ka\u017edoro\u010dnej okt\u00f3brovej p\u00fati v Marianke ku cti Panny M\u00e1rie kr\u00e1\u013eovnej Ma\u010farov.<\/p>\n","protected":false},"author":1,"featured_media":1391,"comment_status":"closed","ping_status":"closed","sticky":false,"template":"","format":"standard","meta":{"footnotes":""},"categories":[5],"tags":[],"class_list":{"0":"entry","1":"post","2":"publish","3":"author-marian-jasenoveceltras-sk","4":"has-excerpt","5":"has-more-link","6":"post-8830","8":"format-standard","9":"has-post-thumbnail","10":"category-aktuality"},"_links":{"self":[{"href":"https:\/\/www.farakostolna.sk\/index.php?rest_route=\/wp\/v2\/posts\/8830","targetHints":{"allow":["GET"]}}],"collection":[{"href":"https:\/\/www.farakostolna.sk\/index.php?rest_route=\/wp\/v2\/posts"}],"about":[{"href":"https:\/\/www.farakostolna.sk\/index.php?rest_route=\/wp\/v2\/types\/post"}],"author":[{"embeddable":true,"href":"https:\/\/www.farakostolna.sk\/index.php?rest_route=\/wp\/v2\/users\/1"}],"replies":[{"embeddable":true,"href":"https:\/\/www.farakostolna.sk\/index.php?rest_route=%2Fwp%2Fv2%2Fcomments&post=8830"}],"version-history":[{"count":0,"href":"https:\/\/www.farakostolna.sk\/index.php?rest_route=\/wp\/v2\/posts\/8830\/revisions"}],"wp:featuredmedia":[{"embeddable":true,"href":"https:\/\/www.farakostolna.sk\/index.php?rest_route=\/wp\/v2\/media\/1391"}],"wp:attachment":[{"href":"https:\/\/www.farakostolna.sk\/index.php?rest_route=%2Fwp%2Fv2%2Fmedia&parent=8830"}],"wp:term":[{"taxonomy":"category","embeddable":true,"href":"https:\/\/www.farakostolna.sk\/index.php?rest_route=%2Fwp%2Fv2%2Fcategories&post=8830"},{"taxonomy":"post_tag","embeddable":true,"href":"https:\/\/www.farakostolna.sk\/index.php?rest_route=%2Fwp%2Fv2%2Ftags&post=8830"}],"curies":[{"name":"wp","href":"https:\/\/api.w.org\/{rel}","templated":true}]}}