{"id":8828,"date":"2013-10-05T20:00:02","date_gmt":"2013-10-05T20:00:02","guid":{"rendered":"http:\/\/kostolna.fara.sk\/?p=1358"},"modified":"2013-10-05T20:00:02","modified_gmt":"2013-10-05T20:00:02","slug":"krst-s-mons-stanislavom-zvolenskym","status":"publish","type":"post","link":"https:\/\/www.farakostolna.sk\/?p=8828","title":{"rendered":"Krst s Mons. Stanislavom Zvolensk\u00fdm"},"content":{"rendered":"<p style=\"text-align: left;\"><a href=\"http:\/\/kostolna.fara.sk\/wp-content\/uploads\/2013\/10\/DSC_5792.jpg\"><img loading=\"lazy\" decoding=\"async\" class=\"alignleft size-thumbnail wp-image-1359\" alt=\"DSC_5792\" src=\"http:\/\/kostolna.fara.sk\/wp-content\/uploads\/2013\/10\/DSC_5792-150x150.jpg\" width=\"150\" height=\"150\"><\/a>Sobota 28.&nbsp;septembra bola&nbsp;v\u00fdnimo\u010dn\u00e1. Bratislavsk\u00fd arcibiskup&nbsp;<i><b>Mons. Stanislav Zvolensk\u00fd<\/b><\/i>&nbsp;pri\u0161iel osobne pokrsti\u0165 p\u00e4\u0165 nov\u00fdch kres\u0165anov v na\u0161ej malej farnosti. Ke\u010f pr\u00edde na n\u00e1v\u0161tevu biskup, je to v\u017edy <!--more-->v\u00fdnimo\u010dn\u00e1 a sl\u00e1vnostn\u00e1 udalos\u0165. Hlavn\u00fdm d\u00f4vodom&nbsp;n\u00e1v\u0161tevy&nbsp;bolo to, \u017ee medzi krsten\u00fdmi de\u0165mi bolo jedno, ktor\u00e9 bolo \u0161tvrt\u00fdm pr\u00edrastkom v katol\u00edckej rodine.&nbsp;P\u00e1n arcibiskup svojou osobnou \u00fa\u010das\u0165ou jednozna\u010dne vyjadril svoju podporu rodine, ktor\u00e1 pochopila \u017eivotn\u00e9 priority.&nbsp;Len otvorenos\u0165 vo\u010di \u017eivotu m\u00f4\u017ee udr\u017ea\u0165 \u017eivot a d\u00e1va\u0165 rodine skuto\u010dn\u00e9 naplnenie \u2013 toto s\u00fa hodnoty, ku ktor\u00fdm n\u00e1s Boh poz\u00fdva.<\/p>\n<p style=\"text-align: left;\"><a title=\"Krst s Mons. Stanislavom Zvolenskym\" href=\"https:\/\/plus.google.com\/u\/0\/photos\/113195793245664134546\/albums\/5933950425190092625\" target=\"_blank\" rel=\"noopener noreferrer\">Fotky z krstu:<\/a><\/p>\n","protected":false},"excerpt":{"rendered":"<p>Sobota 28.&nbsp;septembra bola&nbsp;v\u00fdnimo\u010dn\u00e1. Bratislavsk\u00fd arcibiskup&nbsp;Mons. Stanislav Zvolensk\u00fd&nbsp;pri\u0161iel osobne pokrsti\u0165 p\u00e4\u0165 nov\u00fdch kres\u0165anov v na\u0161ej malej farnosti. Ke\u010f pr\u00edde na n\u00e1v\u0161tevu biskup, je to v\u017edy<\/p>\n","protected":false},"author":1,"featured_media":1359,"comment_status":"closed","ping_status":"closed","sticky":false,"template":"","format":"standard","meta":{"footnotes":""},"categories":[5],"tags":[24],"class_list":{"0":"entry","1":"post","2":"publish","3":"author-marian-jasenoveceltras-sk","4":"has-excerpt","5":"has-more-link","6":"post-8828","8":"format-standard","9":"has-post-thumbnail","10":"category-aktuality","11":"post_tag-aktuality"},"_links":{"self":[{"href":"https:\/\/www.farakostolna.sk\/index.php?rest_route=\/wp\/v2\/posts\/8828","targetHints":{"allow":["GET"]}}],"collection":[{"href":"https:\/\/www.farakostolna.sk\/index.php?rest_route=\/wp\/v2\/posts"}],"about":[{"href":"https:\/\/www.farakostolna.sk\/index.php?rest_route=\/wp\/v2\/types\/post"}],"author":[{"embeddable":true,"href":"https:\/\/www.farakostolna.sk\/index.php?rest_route=\/wp\/v2\/users\/1"}],"replies":[{"embeddable":true,"href":"https:\/\/www.farakostolna.sk\/index.php?rest_route=%2Fwp%2Fv2%2Fcomments&post=8828"}],"version-history":[{"count":0,"href":"https:\/\/www.farakostolna.sk\/index.php?rest_route=\/wp\/v2\/posts\/8828\/revisions"}],"wp:featuredmedia":[{"embeddable":true,"href":"https:\/\/www.farakostolna.sk\/index.php?rest_route=\/wp\/v2\/media\/1359"}],"wp:attachment":[{"href":"https:\/\/www.farakostolna.sk\/index.php?rest_route=%2Fwp%2Fv2%2Fmedia&parent=8828"}],"wp:term":[{"taxonomy":"category","embeddable":true,"href":"https:\/\/www.farakostolna.sk\/index.php?rest_route=%2Fwp%2Fv2%2Fcategories&post=8828"},{"taxonomy":"post_tag","embeddable":true,"href":"https:\/\/www.farakostolna.sk\/index.php?rest_route=%2Fwp%2Fv2%2Ftags&post=8828"}],"curies":[{"name":"wp","href":"https:\/\/api.w.org\/{rel}","templated":true}]}}