{"id":8827,"date":"2013-10-09T21:23:15","date_gmt":"2013-10-09T21:23:15","guid":{"rendered":"http:\/\/kostolna.fara.sk\/?p=1328"},"modified":"2013-10-09T21:23:15","modified_gmt":"2013-10-09T21:23:15","slug":"farske-hody-3","status":"publish","type":"post","link":"https:\/\/www.farakostolna.sk\/?p=8827","title":{"rendered":"Farsk\u00e9 hody 2013"},"content":{"rendered":"<p>\t\t\t\t<a href=\"http:\/\/kostolna.fara.sk\/wp-content\/uploads\/2013\/10\/Farsk\u00e9-hody-2013-Hody-IMG_9269-e1381353468140.jpg\"><img loading=\"lazy\" decoding=\"async\" class=\"size-medium wp-image-1329 alignleft\" alt=\"Farsk\u00e9 hody 2013 Hody IMG_9269\" src=\"http:\/\/kostolna.fara.sk\/wp-content\/uploads\/2013\/10\/Farsk\u00e9-hody-2013-Hody-IMG_9269-300x200.jpg\" width=\"300\" height=\"200\"><\/a>Tohtoro\u010dn\u00e9 farsk\u00e9 hody boli \u0161pecifick\u00e9 t\u00fdm, \u017ee sme si pripomenuli 80-t\u00e9 v\u00fdro\u010die pr\u00edstavby n\u00e1\u0161ho farsk\u00e9ho kostola.Po pr\u00edhovore vdp. Pavla Gajdo\u0161a sme si vypo\u010duli sl\u00e1vnostn\u00fa hom\u00edliu novok\u0148aza Martina M\u00e1rie Koll\u00e1ra OFMConv. <!--more-->Veriacim p\u00fatav\u00fdm sp\u00f4sobom pribl\u00ed\u017eil d\u00f4le\u017eitos\u0165 a v\u00fdznam modlitby ru\u017eenca.Po bohoslu\u017ebe slova miestni farn\u00edci priniesli r\u00f4zne obetn\u00e9 dary, ktor\u00e9 boli s\u00fa\u010dasne vyjadren\u00edm v\u010faky za celoro\u010dn\u00fa \u00farodu. Medzi darmi bol aj orn\u00e1t s mari\u00e1nskou tematikou, ktor\u00fd darovalo n\u00e1\u0161mu p\u00e1trovi miestne Ru\u017eencov\u00e9 spolo\u010denstvo. P\u00e1n far\u00e1r po po\u010fakovan\u00ed sl\u00e1vnostn\u00e9mu kazate\u013eovi pozval v\u0161etk\u00fdch na poh\u00e1rik hodov\u00e9ho bur\u010diaku a \u010dist\u00fd jablkov\u00fd mu\u0161t.<\/p>\n<p><a href=\"https:\/\/plus.google.com\/photos\/113195793245664134546\/albums\/5932805450752687201\" target=\"_blank\" rel=\"noopener noreferrer\">\u010eal\u0161ie fotky s\u00fa tu.<\/a>\t\t\t\t<\/p>\n","protected":false},"excerpt":{"rendered":"<p>Tohtoro\u010dn\u00e9 farsk\u00e9 hody boli \u0161pecifick\u00e9 t\u00fdm, \u017ee sme si pripomenuli 80-t\u00e9 v\u00fdro\u010die pr\u00edstavby n\u00e1\u0161ho farsk\u00e9ho kostola.Po pr\u00edhovore vdp. Pavla Gajdo\u0161a sme si vypo\u010duli sl\u00e1vnostn\u00fa hom\u00edliu novok\u0148aza Martina M\u00e1rie Koll\u00e1ra OFMConv.<\/p>\n","protected":false},"author":1,"featured_media":1329,"comment_status":"closed","ping_status":"closed","sticky":false,"template":"","format":"standard","meta":{"footnotes":""},"categories":[5],"tags":[24],"class_list":{"0":"entry","1":"post","2":"publish","3":"author-marian-jasenoveceltras-sk","4":"has-excerpt","5":"has-more-link","6":"post-8827","8":"format-standard","9":"has-post-thumbnail","10":"category-aktuality","11":"post_tag-aktuality"},"_links":{"self":[{"href":"https:\/\/www.farakostolna.sk\/index.php?rest_route=\/wp\/v2\/posts\/8827","targetHints":{"allow":["GET"]}}],"collection":[{"href":"https:\/\/www.farakostolna.sk\/index.php?rest_route=\/wp\/v2\/posts"}],"about":[{"href":"https:\/\/www.farakostolna.sk\/index.php?rest_route=\/wp\/v2\/types\/post"}],"author":[{"embeddable":true,"href":"https:\/\/www.farakostolna.sk\/index.php?rest_route=\/wp\/v2\/users\/1"}],"replies":[{"embeddable":true,"href":"https:\/\/www.farakostolna.sk\/index.php?rest_route=%2Fwp%2Fv2%2Fcomments&post=8827"}],"version-history":[{"count":0,"href":"https:\/\/www.farakostolna.sk\/index.php?rest_route=\/wp\/v2\/posts\/8827\/revisions"}],"wp:featuredmedia":[{"embeddable":true,"href":"https:\/\/www.farakostolna.sk\/index.php?rest_route=\/wp\/v2\/media\/1329"}],"wp:attachment":[{"href":"https:\/\/www.farakostolna.sk\/index.php?rest_route=%2Fwp%2Fv2%2Fmedia&parent=8827"}],"wp:term":[{"taxonomy":"category","embeddable":true,"href":"https:\/\/www.farakostolna.sk\/index.php?rest_route=%2Fwp%2Fv2%2Fcategories&post=8827"},{"taxonomy":"post_tag","embeddable":true,"href":"https:\/\/www.farakostolna.sk\/index.php?rest_route=%2Fwp%2Fv2%2Ftags&post=8827"}],"curies":[{"name":"wp","href":"https:\/\/api.w.org\/{rel}","templated":true}]}}