{"id":8826,"date":"2013-09-23T11:31:58","date_gmt":"2013-09-23T11:31:58","guid":{"rendered":"http:\/\/kostolna.fara.sk\/?p=1299"},"modified":"2013-09-23T11:31:58","modified_gmt":"2013-09-23T11:31:58","slug":"narodny-pochod-za-zivot-kosice-2013","status":"publish","type":"post","link":"https:\/\/www.farakostolna.sk\/?p=8826","title":{"rendered":"N\u00e1rodn\u00fd pochod za \u017eivot &#8211; Ko\u0161ice 2013"},"content":{"rendered":"<p>\t\t\t\t<a href=\"http:\/\/kostolna.fara.sk\/wp-content\/uploads\/2013\/09\/IMG_2990.jpg\"><img loading=\"lazy\" decoding=\"async\" class=\"size-medium wp-image-1302 alignleft\" alt=\"IMG_2990\" src=\"http:\/\/kostolna.fara.sk\/wp-content\/uploads\/2013\/09\/IMG_2990-300x225.jpg\" width=\"300\" height=\"225\"><\/a>More \u013eud\u00ed v&nbsp;uliciach Ko\u0161\u00edc, pod\u013ea organiz\u00e1torov viac ako 70-tis\u00edc, medzi nimi aj z\u00e1stupcovia z&nbsp;na\u0161ej farnosti.&nbsp; Skvel\u00e1 atmosf\u00e9ra bola umocnen\u00e1 nie len v\u00fdbornou organiz\u00e1ciou, po\u010das\u00edm, ale najm\u00e4 my\u0161lienkou: \u201eOchrana \u017eivota od po\u010datia po prirodzen\u00fa smr\u0165\u201c.<!--more--><\/p>\n<p>Pred p\u00e1r rokmi samozrejmos\u0165, dnes v\u00e1\u017eny d\u00f4vod na demon\u0161tr\u00e1ciu, aby sme zajtra ne\u013eutovali na\u0161u pr\u00edpadn\u00fa \u013eahostajnos\u0165, ktor\u00fa by niektor\u00ed klamlivo nazvali \u201etoleranciou\u201c.&nbsp; Tu sme mali mo\u017enos\u0165 by\u0165 s\u00fa\u010das\u0165ou p\u00edsania dej\u00edn n\u00e1\u0161ho n\u00e1roda \u2013 na\u0161ej bud\u00facnosti, ktor\u00e1 je v&nbsp;na\u0161ich ruk\u00e1ch. Tento pocit s\u00fadr\u017enosti a&nbsp;to, \u017ee sme na spr\u00e1vnej strane, n\u00e1s hrial nielen priamo na pochode, ale bude n\u00e1s sprev\u00e1dza\u0165 \u010falej. \u010clovek, to znie hrdo, a&nbsp;my sme to poc\u00edtili. D\u00fafame, \u017ee tento n\u00e1\u0161 prejav pozit\u00edvneho prejavu k&nbsp;\u017eivotu strhne nielen \u201epohodlnej\u0161\u00edch\u201c, ale aj t\u00fdch, ktor\u00ed e\u0161te bl\u00fadia v&nbsp;bludisku kult\u00fary smrti. \u017divot je kr\u00e1sny a&nbsp;stoj\u00ed&nbsp; za to, aby sme za\u0148 bojovali,&nbsp; aby sme ho mohli plnohodnotne \u017ei\u0165. Na pochode odznel n\u00e1dhern\u00fd&nbsp; obraz o&nbsp;\u017eivote \u2013 porovnanie s&nbsp;m\u0155tvym morom. Toto more je m\u0155tve preto, lebo to, \u010do pr\u00edjme, neodovzd\u00e1 \u010falej. Tak je to aj so \u017eivotom. Ak ho neodovzd\u00e1me \u010falej, tak bude m\u0155tvy, jalov\u00fd, neu\u017eito\u010dn\u00fd&#8230;<\/p>\n<p>Mo\u017eno&nbsp; to nebude v\u017edy \u013eahk\u00e9, ale to predsa nie je podmienka pre \u017eivot. Najv\u00e4\u010d\u0161ie a&nbsp;najvz\u00e1cnej\u0161ie v\u00ed\u0165azstv\u00e1 s\u00fa tie, ktor\u00e9 n\u00e1s st\u00e1li najviac n\u00e1mahy, s\u00edl a&nbsp;odriekania.<\/p>\n<p><a title=\"Pochod za zivot 2013\" href=\"https:\/\/plus.google.com\/photos\/113195793245664134546\/albums\/5926771719604390225\" target=\"_blank\" rel=\"noopener noreferrer\">Pozri foto<\/a>\t\t\t\t<\/p>\n","protected":false},"excerpt":{"rendered":"<p>More \u013eud\u00ed v&nbsp;uliciach Ko\u0161\u00edc, pod\u013ea organiz\u00e1torov viac ako 70-tis\u00edc, medzi nimi aj z\u00e1stupcovia z&nbsp;na\u0161ej farnosti.&nbsp; Skvel\u00e1 atmosf\u00e9ra bola umocnen\u00e1 nie len v\u00fdbornou organiz\u00e1ciou, po\u010das\u00edm, ale najm\u00e4 my\u0161lienkou: \u201eOchrana \u017eivota od po\u010datia po prirodzen\u00fa smr\u0165\u201c.<\/p>\n","protected":false},"author":1,"featured_media":1302,"comment_status":"closed","ping_status":"closed","sticky":false,"template":"","format":"standard","meta":{"footnotes":""},"categories":[5],"tags":[],"class_list":{"0":"entry","1":"post","2":"publish","3":"author-marian-jasenoveceltras-sk","4":"has-excerpt","5":"has-more-link","6":"post-8826","8":"format-standard","9":"has-post-thumbnail","10":"category-aktuality"},"_links":{"self":[{"href":"https:\/\/www.farakostolna.sk\/index.php?rest_route=\/wp\/v2\/posts\/8826","targetHints":{"allow":["GET"]}}],"collection":[{"href":"https:\/\/www.farakostolna.sk\/index.php?rest_route=\/wp\/v2\/posts"}],"about":[{"href":"https:\/\/www.farakostolna.sk\/index.php?rest_route=\/wp\/v2\/types\/post"}],"author":[{"embeddable":true,"href":"https:\/\/www.farakostolna.sk\/index.php?rest_route=\/wp\/v2\/users\/1"}],"replies":[{"embeddable":true,"href":"https:\/\/www.farakostolna.sk\/index.php?rest_route=%2Fwp%2Fv2%2Fcomments&post=8826"}],"version-history":[{"count":0,"href":"https:\/\/www.farakostolna.sk\/index.php?rest_route=\/wp\/v2\/posts\/8826\/revisions"}],"wp:featuredmedia":[{"embeddable":true,"href":"https:\/\/www.farakostolna.sk\/index.php?rest_route=\/wp\/v2\/media\/1302"}],"wp:attachment":[{"href":"https:\/\/www.farakostolna.sk\/index.php?rest_route=%2Fwp%2Fv2%2Fmedia&parent=8826"}],"wp:term":[{"taxonomy":"category","embeddable":true,"href":"https:\/\/www.farakostolna.sk\/index.php?rest_route=%2Fwp%2Fv2%2Fcategories&post=8826"},{"taxonomy":"post_tag","embeddable":true,"href":"https:\/\/www.farakostolna.sk\/index.php?rest_route=%2Fwp%2Fv2%2Ftags&post=8826"}],"curies":[{"name":"wp","href":"https:\/\/api.w.org\/{rel}","templated":true}]}}