{"id":8824,"date":"2013-06-02T07:33:18","date_gmt":"2013-06-02T07:33:18","guid":{"rendered":"http:\/\/kostolna.fara.sk\/?p=1221"},"modified":"2013-06-02T07:33:18","modified_gmt":"2013-06-02T07:33:18","slug":"sviatok-bozieho-tela-2","status":"publish","type":"post","link":"https:\/\/www.farakostolna.sk\/?p=8824","title":{"rendered":"Sviatok Bo\u017eieho tela"},"content":{"rendered":"<p>\t\t\t\t<a href=\"http:\/\/kostolna.fara.sk\/wp-content\/uploads\/2013\/09\/bozie_telo.jpg\"><img loading=\"lazy\" decoding=\"async\" class=\"size-thumbnail wp-image-1224 alignleft\" title=\"Procesia\" alt=\"bozie_telo\" src=\"http:\/\/kostolna.fara.sk\/wp-content\/uploads\/2013\/09\/bozie_telo-150x150.jpg\" width=\"150\" height=\"150\"><\/a> 2. j\u00fana 2013 sme v na\u0161ej farnosti osl\u00e1vili sviatok Bo\u017eieho Tela,<!--more--> v kr\u00e1snej v\u00fdzdobe \u0161tyroch olt\u00e1rov, na ktor\u00fdch si dali veriaci ve\u013emi z\u00e1le\u017ea\u0165. \u00da\u010das\u0165 na procesii bola ve\u013ek\u00e1. Radostn\u00fdmi spevmi sme doprev\u00e1dzali Eucharistick\u00e9ho Krista po uliciach farnosti.<\/p>\n<p><a href=\"https:\/\/plus.google.com\/photos\/113195793245664134546\/albums\/5922438780137391505\" target=\"_blank\" rel=\"noopener noreferrer\">Fotky s\u00fa tu:<\/a>\t\t\t\t<\/p>\n","protected":false},"excerpt":{"rendered":"<p>2. j\u00fana 2013 sme v na\u0161ej farnosti osl\u00e1vili sviatok Bo\u017eieho Tela,<\/p>\n","protected":false},"author":1,"featured_media":1224,"comment_status":"closed","ping_status":"closed","sticky":false,"template":"","format":"standard","meta":{"footnotes":""},"categories":[5],"tags":[],"class_list":{"0":"entry","1":"post","2":"publish","3":"author-marian-jasenoveceltras-sk","4":"has-excerpt","5":"has-more-link","6":"post-8824","8":"format-standard","9":"has-post-thumbnail","10":"category-aktuality"},"_links":{"self":[{"href":"https:\/\/www.farakostolna.sk\/index.php?rest_route=\/wp\/v2\/posts\/8824","targetHints":{"allow":["GET"]}}],"collection":[{"href":"https:\/\/www.farakostolna.sk\/index.php?rest_route=\/wp\/v2\/posts"}],"about":[{"href":"https:\/\/www.farakostolna.sk\/index.php?rest_route=\/wp\/v2\/types\/post"}],"author":[{"embeddable":true,"href":"https:\/\/www.farakostolna.sk\/index.php?rest_route=\/wp\/v2\/users\/1"}],"replies":[{"embeddable":true,"href":"https:\/\/www.farakostolna.sk\/index.php?rest_route=%2Fwp%2Fv2%2Fcomments&post=8824"}],"version-history":[{"count":0,"href":"https:\/\/www.farakostolna.sk\/index.php?rest_route=\/wp\/v2\/posts\/8824\/revisions"}],"wp:featuredmedia":[{"embeddable":true,"href":"https:\/\/www.farakostolna.sk\/index.php?rest_route=\/wp\/v2\/media\/1224"}],"wp:attachment":[{"href":"https:\/\/www.farakostolna.sk\/index.php?rest_route=%2Fwp%2Fv2%2Fmedia&parent=8824"}],"wp:term":[{"taxonomy":"category","embeddable":true,"href":"https:\/\/www.farakostolna.sk\/index.php?rest_route=%2Fwp%2Fv2%2Fcategories&post=8824"},{"taxonomy":"post_tag","embeddable":true,"href":"https:\/\/www.farakostolna.sk\/index.php?rest_route=%2Fwp%2Fv2%2Ftags&post=8824"}],"curies":[{"name":"wp","href":"https:\/\/api.w.org\/{rel}","templated":true}]}}