{"id":8823,"date":"2013-08-29T18:54:10","date_gmt":"2013-08-29T18:54:10","guid":{"rendered":"http:\/\/kostolna.fara.sk\/?p=1203"},"modified":"2013-08-29T18:54:10","modified_gmt":"2013-08-29T18:54:10","slug":"slovinsko","status":"publish","type":"post","link":"https:\/\/www.farakostolna.sk\/?p=8823","title":{"rendered":"Slovinsko"},"content":{"rendered":"<p>\t\t\t\t<a href=\"http:\/\/kostolna.fara.sk\/wp-content\/uploads\/2013\/08\/IMG_2910.jpg\"><img loading=\"lazy\" decoding=\"async\" class=\"size-thumbnail wp-image-1206 alignleft\" alt=\"IMG_2910\" src=\"http:\/\/kostolna.fara.sk\/wp-content\/uploads\/2013\/08\/IMG_2910-150x150.jpg\" width=\"150\" height=\"150\"><\/a><\/p>\n<p>Tento rok od <em><strong>25. do 29. augusta<\/strong><\/em> som spolu s&nbsp;priate\u013eom k\u0148azom Marekom <!--more-->na koniec leta zavolal ved\u00facich skupiniek \u2013 anim\u00e1torov, na turistiku do Slovinska. Vodop\u00e1dy, jaskyne, vysok\u00e9 hory&#8230; to v\u0161etko v&nbsp;sebe skr\u00fdvaj\u00fa slovinsk\u00e9 Alpy. Neostalo v\u0161ak len pri tom, ale nav\u0161t\u00edvili sme aj talianske more (Bibione, Ben\u00e1tky) a&nbsp;p\u00e4\u0165d\u0148ov\u00fd v\u00fdlet sme zav\u0155\u0161ili rak\u00faskym Mariazellom.<\/p>\n<p><a href=\"https:\/\/plus.google.com\/u\/0\/photos\/113195793245664134546\/albums\/5917614042937155777\" target=\"_blank\" rel=\"noopener noreferrer\">Fotky si mo\u017eete prezrie\u0165 tu:<\/a>\t\t\t\t<\/p>\n","protected":false},"excerpt":{"rendered":"<p>Tento rok od 25. do 29. augusta som spolu s&nbsp;priate\u013eom k\u0148azom Marekom<\/p>\n","protected":false},"author":1,"featured_media":1206,"comment_status":"closed","ping_status":"closed","sticky":false,"template":"","format":"standard","meta":{"footnotes":""},"categories":[5],"tags":[],"class_list":{"0":"entry","1":"post","2":"publish","3":"author-marian-jasenoveceltras-sk","4":"has-excerpt","5":"has-more-link","6":"post-8823","8":"format-standard","9":"has-post-thumbnail","10":"category-aktuality"},"_links":{"self":[{"href":"https:\/\/www.farakostolna.sk\/index.php?rest_route=\/wp\/v2\/posts\/8823","targetHints":{"allow":["GET"]}}],"collection":[{"href":"https:\/\/www.farakostolna.sk\/index.php?rest_route=\/wp\/v2\/posts"}],"about":[{"href":"https:\/\/www.farakostolna.sk\/index.php?rest_route=\/wp\/v2\/types\/post"}],"author":[{"embeddable":true,"href":"https:\/\/www.farakostolna.sk\/index.php?rest_route=\/wp\/v2\/users\/1"}],"replies":[{"embeddable":true,"href":"https:\/\/www.farakostolna.sk\/index.php?rest_route=%2Fwp%2Fv2%2Fcomments&post=8823"}],"version-history":[{"count":0,"href":"https:\/\/www.farakostolna.sk\/index.php?rest_route=\/wp\/v2\/posts\/8823\/revisions"}],"wp:featuredmedia":[{"embeddable":true,"href":"https:\/\/www.farakostolna.sk\/index.php?rest_route=\/wp\/v2\/media\/1206"}],"wp:attachment":[{"href":"https:\/\/www.farakostolna.sk\/index.php?rest_route=%2Fwp%2Fv2%2Fmedia&parent=8823"}],"wp:term":[{"taxonomy":"category","embeddable":true,"href":"https:\/\/www.farakostolna.sk\/index.php?rest_route=%2Fwp%2Fv2%2Fcategories&post=8823"},{"taxonomy":"post_tag","embeddable":true,"href":"https:\/\/www.farakostolna.sk\/index.php?rest_route=%2Fwp%2Fv2%2Ftags&post=8823"}],"curies":[{"name":"wp","href":"https:\/\/api.w.org\/{rel}","templated":true}]}}