{"id":8821,"date":"2013-08-09T19:47:51","date_gmt":"2013-08-09T19:47:51","guid":{"rendered":"http:\/\/kostolna.fara.sk\/?p=1127"},"modified":"2013-08-09T19:47:51","modified_gmt":"2013-08-09T19:47:51","slug":"sviatok-edity-steinovej","status":"publish","type":"post","link":"https:\/\/www.farakostolna.sk\/?p=8821","title":{"rendered":"Sviatok Edity Steinovej"},"content":{"rendered":"<p>\t\t\t\t<a href=\"http:\/\/kostolna.fara.sk\/wp-content\/uploads\/2013\/08\/IMG_3116.jpg\"><img loading=\"lazy\" decoding=\"async\" class=\"size-medium wp-image-1129 alignleft\" alt=\"IMG_3116\" src=\"http:\/\/kostolna.fara.sk\/wp-content\/uploads\/2013\/08\/IMG_3116-300x200.jpg\" width=\"300\" height=\"200\"><\/a>Dnes, ke\u010f sme sl\u00e1vili sviatok <strong>sestry Ter\u00e9zie Benedikty z Kr\u00ed\u017ea<\/strong>, patr\u00f3nky Eur\u00f3py, vlastn\u00fdm menom Edita Steinov\u00e1, som si spomenul na moju posledn\u00fa n\u00e1v\u0161tevu koncentra\u010dn\u00e9ho t\u00e1bora v Oswie\u010dime z pred dvoch t\u00fd\u017ed\u0148ov. <img decoding=\"async\" title=\"More...\" alt=\"\" src=\"http:\/\/kostolna.fara.sk\/wp-includes\/js\/tinymce\/plugins\/wordpress\/img\/trans.gif\"><\/p>\n<p><!--more--><\/p>\n<p>Nacisti tam pozab\u00edjali mili\u00f3ny \u013eud\u00ed.<\/p>\n<p>Aj spom\u00ednan\u00e1 sv\u00e4tica tam zomrela v plynovej komore <strong>9. augusta<\/strong> pred 71 rokmi. Netreba n\u00e1m v\u0161ak zab\u00fada\u0165, \u017ee podobn\u00e9 zlo\u010diny robili aj komunisti v gulagoch,&nbsp;ktor\u00ed sa nikdy verejne nikomu neospravedlnili. A mnoh\u00ed sa dodnes tv\u00e1ria, akoby sa ni\u010d nestalo.<\/p>\n<p><a title=\"Oswiencim\" href=\"https:\/\/plus.google.com\/photos\/113195793245664134546\/albums\/5910202249944319297?authkey=CJrV6NuGjp6lpgE\" target=\"_blank\" rel=\"noopener noreferrer\">Viac foto z Po\u013eska:<\/a><\/p>\n<p><em>&#8220;Ve\u013ekos\u0165 na\u0161ej l\u00e1sky k bl\u00ed\u017enym je meradlom na\u0161ej l\u00e1sky k Bohu.&#8221;<\/em> Sr. Ter\u00e9zia Benedikta\t\t\t\t<\/p>\n","protected":false},"excerpt":{"rendered":"<p>Dnes, ke\u010f sme sl\u00e1vili sviatok sestry Ter\u00e9zie Benedikty z Kr\u00ed\u017ea, patr\u00f3nky Eur\u00f3py, vlastn\u00fdm menom Edita Steinov\u00e1, som si spomenul na moju posledn\u00fa n\u00e1v\u0161tevu koncentra\u010dn\u00e9ho t\u00e1bora v Oswie\u010dime z pred dvoch t\u00fd\u017ed\u0148ov.<\/p>\n","protected":false},"author":6,"featured_media":1129,"comment_status":"closed","ping_status":"closed","sticky":false,"template":"","format":"standard","meta":{"footnotes":""},"categories":[5],"tags":[],"class_list":{"0":"entry","1":"post","2":"publish","3":"author-palszm-sk","4":"has-excerpt","5":"has-more-link","6":"post-8821","8":"format-standard","9":"has-post-thumbnail","10":"category-aktuality"},"_links":{"self":[{"href":"https:\/\/www.farakostolna.sk\/index.php?rest_route=\/wp\/v2\/posts\/8821","targetHints":{"allow":["GET"]}}],"collection":[{"href":"https:\/\/www.farakostolna.sk\/index.php?rest_route=\/wp\/v2\/posts"}],"about":[{"href":"https:\/\/www.farakostolna.sk\/index.php?rest_route=\/wp\/v2\/types\/post"}],"author":[{"embeddable":true,"href":"https:\/\/www.farakostolna.sk\/index.php?rest_route=\/wp\/v2\/users\/6"}],"replies":[{"embeddable":true,"href":"https:\/\/www.farakostolna.sk\/index.php?rest_route=%2Fwp%2Fv2%2Fcomments&post=8821"}],"version-history":[{"count":0,"href":"https:\/\/www.farakostolna.sk\/index.php?rest_route=\/wp\/v2\/posts\/8821\/revisions"}],"wp:featuredmedia":[{"embeddable":true,"href":"https:\/\/www.farakostolna.sk\/index.php?rest_route=\/wp\/v2\/media\/1129"}],"wp:attachment":[{"href":"https:\/\/www.farakostolna.sk\/index.php?rest_route=%2Fwp%2Fv2%2Fmedia&parent=8821"}],"wp:term":[{"taxonomy":"category","embeddable":true,"href":"https:\/\/www.farakostolna.sk\/index.php?rest_route=%2Fwp%2Fv2%2Fcategories&post=8821"},{"taxonomy":"post_tag","embeddable":true,"href":"https:\/\/www.farakostolna.sk\/index.php?rest_route=%2Fwp%2Fv2%2Ftags&post=8821"}],"curies":[{"name":"wp","href":"https:\/\/api.w.org\/{rel}","templated":true}]}}