{"id":8820,"date":"2013-08-06T07:23:30","date_gmt":"2013-08-06T07:23:30","guid":{"rendered":"http:\/\/kostolna.fara.sk\/?p=1113"},"modified":"2013-08-06T07:23:30","modified_gmt":"2013-08-06T07:23:30","slug":"pochod-za-zivot","status":"publish","type":"post","link":"https:\/\/www.farakostolna.sk\/?p=8820","title":{"rendered":"Pochod za \u017eivot"},"content":{"rendered":"<p>\t\t\t\t<a href=\"http:\/\/kostolna.fara.sk\/wp-content\/uploads\/2013\/08\/pochod_za_zivot.jpg\"><img loading=\"lazy\" decoding=\"async\" class=\"size-medium wp-image-1125 alignleft\" alt=\"pochod_za_zivot\" src=\"http:\/\/kostolna.fara.sk\/wp-content\/uploads\/2013\/08\/pochod_za_zivot-300x247.jpg\" width=\"300\" height=\"247\"><\/a><br \/>\n<span style=\"font-size: 13px;\">T\u00ed, \u010do by sa radi zapojili do pochodu za \u017eivot, ktor\u00fd bude <strong>22. septembra 2013<\/strong> v Ko\u0161iciach, <\/span><span style=\"font-size: 13px;\">ale nem\u00f4\u017eu \u00eds\u0165 podpori\u0165 t\u00fato akciu,&nbsp;m\u00f4\u017eu tak urobi\u0165 prostredn\u00edctvom webu.<\/span><\/p>\n<p><!--more--><a href=\"http:\/\/pochodzazivot.sk\/chcem-sa-zapojit\/\">Link sa nach\u00e1dza tu.<\/a>\t\t\t\t<\/p>\n","protected":false},"excerpt":{"rendered":"<p>T\u00ed, \u010do by sa radi zapojili do pochodu za \u017eivot, ktor\u00fd bude 22. septembra 2013 v Ko\u0161iciach, ale nem\u00f4\u017eu \u00eds\u0165 podpori\u0165 t\u00fato akciu,&nbsp;m\u00f4\u017eu tak urobi\u0165 prostredn\u00edctvom webu.<\/p>\n","protected":false},"author":1,"featured_media":1125,"comment_status":"closed","ping_status":"closed","sticky":false,"template":"","format":"standard","meta":{"footnotes":""},"categories":[5],"tags":[24],"class_list":{"0":"entry","1":"post","2":"publish","3":"author-marian-jasenoveceltras-sk","4":"has-excerpt","5":"has-more-link","6":"post-8820","8":"format-standard","9":"has-post-thumbnail","10":"category-aktuality","11":"post_tag-aktuality"},"_links":{"self":[{"href":"https:\/\/www.farakostolna.sk\/index.php?rest_route=\/wp\/v2\/posts\/8820","targetHints":{"allow":["GET"]}}],"collection":[{"href":"https:\/\/www.farakostolna.sk\/index.php?rest_route=\/wp\/v2\/posts"}],"about":[{"href":"https:\/\/www.farakostolna.sk\/index.php?rest_route=\/wp\/v2\/types\/post"}],"author":[{"embeddable":true,"href":"https:\/\/www.farakostolna.sk\/index.php?rest_route=\/wp\/v2\/users\/1"}],"replies":[{"embeddable":true,"href":"https:\/\/www.farakostolna.sk\/index.php?rest_route=%2Fwp%2Fv2%2Fcomments&post=8820"}],"version-history":[{"count":0,"href":"https:\/\/www.farakostolna.sk\/index.php?rest_route=\/wp\/v2\/posts\/8820\/revisions"}],"wp:featuredmedia":[{"embeddable":true,"href":"https:\/\/www.farakostolna.sk\/index.php?rest_route=\/wp\/v2\/media\/1125"}],"wp:attachment":[{"href":"https:\/\/www.farakostolna.sk\/index.php?rest_route=%2Fwp%2Fv2%2Fmedia&parent=8820"}],"wp:term":[{"taxonomy":"category","embeddable":true,"href":"https:\/\/www.farakostolna.sk\/index.php?rest_route=%2Fwp%2Fv2%2Fcategories&post=8820"},{"taxonomy":"post_tag","embeddable":true,"href":"https:\/\/www.farakostolna.sk\/index.php?rest_route=%2Fwp%2Fv2%2Ftags&post=8820"}],"curies":[{"name":"wp","href":"https:\/\/api.w.org\/{rel}","templated":true}]}}