{"id":8819,"date":"2013-03-09T19:00:59","date_gmt":"2013-03-09T19:00:59","guid":{"rendered":"http:\/\/blog.eltras.sk\/?p=995"},"modified":"2013-03-09T19:00:59","modified_gmt":"2013-03-09T19:00:59","slug":"duchovna-obnova-rodin-nasej-farnosti-v-rodinkove","status":"publish","type":"post","link":"https:\/\/www.farakostolna.sk\/?p=8819","title":{"rendered":"Duchovn\u00e1 obnova rod\u00edn na\u0161ej farnosti v Rodinkove"},"content":{"rendered":"<p>\t\t\t\t<a href=\"http:\/\/blog.eltras.sk\/wp-content\/uploads\/2013\/03\/50000000.jpg\"><img loading=\"lazy\" decoding=\"async\" class=\"size-thumbnail wp-image-996 alignleft\" alt=\"50000000\" src=\"http:\/\/blog.eltras.sk\/wp-content\/uploads\/2013\/03\/50000000-150x150.jpg\" width=\"150\" height=\"150\"><\/a><\/p>\n<p>V d\u0148och 7.-10.3. 2013 sme str\u00e1vili po\u017eehnan\u00fd \u010das v Belu\u0161sk\u00fdch Slatin\u00e1ch v Rodinkove a pre\u017eili spolo\u010dne duchovn\u00fa obnovu siedmich rod\u00edn preva\u017ene z na\u0161ej farnosti. <!--more--><\/p>\n<p>Sprev\u00e1dzal n\u00e1s n\u00e1\u0161 farsk\u00fd k\u0148az Pavol Gajdo\u0161. T\u00e9ma bola sedem hlavn\u00fdch hriechov, ktor\u00e9 sme si mohli op\u00e4\u0165 ob\u010derstvi\u0165 a preh\u013abi\u0165 najm\u00e4 teraz v p\u00f4stnom \u010dase pred ve\u013ekono\u010dnou sviatos\u0165ou zmierenia. Vr\u00e1mci rekre\u00e1cie sme absolvovali aj men\u0161iu t\u00faru do jaskyne sv.Jozefa. Najv\u00e4\u010d\u0161\u00edmi duchovn\u00fdmi darmi boli sv\u00e4t\u00e9 om\u0161e, rann\u00e9 chv\u00e1ly a ador\u00e1cie. Ovoc\u00edm duchovnej obnovy boli aj sv.spovede a z\u00e1ujem o \u010fal\u0161iu duchovn\u00fa obnovu. V Rodinkove sa ku n\u00e1m priate\u013esky spr\u00e1vali, najm\u00e4 v kuchyni spolu s chutn\u00fdm jedlom. Mali sme aj spolo\u010dn\u00fd ve\u010der s na\u0161\u00edm k\u0148azom, kde sme spolo\u010dne diskutovali o aktu\u00e1lnych ot\u00e1zkach n\u00e1\u0161ho kres\u0165ansk\u00e9ho \u017eivota.<\/p>\n<p>\u010eakujeme Bohu, Jeho slu\u017eobn\u00edkovi a za organiz\u00e1ciu najm\u00e4 rodine \u0160i\u0161kovej, ktor\u00e1 sa \u017eia\u013e pre chorobu det\u00ed nemohla z\u00fa\u010dastni\u0165.\t\t\t\t<\/p>\n","protected":false},"excerpt":{"rendered":"<p>V d\u0148och 7.-10.3. 2013 sme str\u00e1vili po\u017eehnan\u00fd \u010das v Belu\u0161sk\u00fdch Slatin\u00e1ch v Rodinkove a pre\u017eili spolo\u010dne duchovn\u00fa obnovu siedmich rod\u00edn preva\u017ene z na\u0161ej farnosti.<\/p>\n","protected":false},"author":1,"featured_media":1042,"comment_status":"closed","ping_status":"closed","sticky":false,"template":"","format":"standard","meta":{"footnotes":""},"categories":[5],"tags":[24],"class_list":{"0":"entry","1":"post","2":"publish","3":"author-marian-jasenoveceltras-sk","4":"has-excerpt","5":"has-more-link","6":"post-8819","8":"format-standard","9":"has-post-thumbnail","10":"category-aktuality","11":"post_tag-aktuality"},"_links":{"self":[{"href":"https:\/\/www.farakostolna.sk\/index.php?rest_route=\/wp\/v2\/posts\/8819","targetHints":{"allow":["GET"]}}],"collection":[{"href":"https:\/\/www.farakostolna.sk\/index.php?rest_route=\/wp\/v2\/posts"}],"about":[{"href":"https:\/\/www.farakostolna.sk\/index.php?rest_route=\/wp\/v2\/types\/post"}],"author":[{"embeddable":true,"href":"https:\/\/www.farakostolna.sk\/index.php?rest_route=\/wp\/v2\/users\/1"}],"replies":[{"embeddable":true,"href":"https:\/\/www.farakostolna.sk\/index.php?rest_route=%2Fwp%2Fv2%2Fcomments&post=8819"}],"version-history":[{"count":0,"href":"https:\/\/www.farakostolna.sk\/index.php?rest_route=\/wp\/v2\/posts\/8819\/revisions"}],"wp:featuredmedia":[{"embeddable":true,"href":"https:\/\/www.farakostolna.sk\/index.php?rest_route=\/wp\/v2\/media\/1042"}],"wp:attachment":[{"href":"https:\/\/www.farakostolna.sk\/index.php?rest_route=%2Fwp%2Fv2%2Fmedia&parent=8819"}],"wp:term":[{"taxonomy":"category","embeddable":true,"href":"https:\/\/www.farakostolna.sk\/index.php?rest_route=%2Fwp%2Fv2%2Fcategories&post=8819"},{"taxonomy":"post_tag","embeddable":true,"href":"https:\/\/www.farakostolna.sk\/index.php?rest_route=%2Fwp%2Fv2%2Ftags&post=8819"}],"curies":[{"name":"wp","href":"https:\/\/api.w.org\/{rel}","templated":true}]}}