{"id":8818,"date":"2013-02-18T14:56:54","date_gmt":"2013-02-18T14:56:54","guid":{"rendered":"http:\/\/blog.eltras.sk\/?p=990"},"modified":"2013-02-18T14:56:54","modified_gmt":"2013-02-18T14:56:54","slug":"narodny-tyzden-manzelstva","status":"publish","type":"post","link":"https:\/\/www.farakostolna.sk\/?p=8818","title":{"rendered":"N\u00e1rodn\u00fd T\u00fd\u017ede\u0148 Man\u017eelstva"},"content":{"rendered":"<p>\t\t\t\t&nbsp;<\/p>\n<p><a href=\"http:\/\/blog.eltras.sk\/wp-content\/uploads\/2013\/03\/IMG_0215.jpg\"><img loading=\"lazy\" decoding=\"async\" class=\"size-thumbnail wp-image-992 alignleft\" alt=\"IMG_0215\" src=\"http:\/\/blog.eltras.sk\/wp-content\/uploads\/2013\/03\/IMG_0215-150x150.jpg\" width=\"150\" height=\"150\"><\/a>V d\u0148och 11.-17.2.2013 prebiehala celosvetov\u00e1 kampa\u0148, na Slovensku po tret\u00edkr\u00e1t, a u n\u00e1s vo farnosti to bol prv\u00fd ro\u010dn\u00edk. Jej cie\u013eom bolo podpori\u0165 man\u017eelstvo. Tohoto roku sa tento t\u00fd\u017ede\u0148 niesol pod heslom \u201cVernos\u0165 nie je slabos\u0165\u201d.<!--more--><\/p>\n<p>Aj my sme sa rozhodli zapoji\u0165 do tejto hodnotnej kampane a stretli sme sa z toho d\u00f4vodu 16.febru\u00e1ra v pastora\u010dnom centre v Kostolnej pri Dunaji. Za\u010dali sme sa sch\u00e1dza\u0165 okolo 15&nbsp; tej hodiny. O deti sa s ochotou postarali na\u0161i tvoriv\u00ed skauti, za \u010do sme im ve\u013emi v\u010fa\u010dn\u00ed. My man\u017eelia&nbsp; sme&nbsp; dostali pri vstupe n\u00e1lepku s logom n\u00e1rodn\u00e9ho t\u00fd\u017ed\u0148a, kde sme si mali nap\u00edsa\u0165 svoje men\u00e1, aby sme sa mohli lep\u0161ie spozna\u0165.Najprv n\u00e1s priv\u00edtal n\u00e1\u0161 k\u0148az Pavol Gajdo\u0161 a povzbudil \u00favodn\u00fdm slovom. \u0160ikovn\u00e1 moder\u00e1torka Julka viedla bohat\u00fd program pre man\u017eelov. Man\u017eelsk\u00e1 dvojica si vylosovala n\u00e1zov povolania a mala ho pantom\u00edmou druh\u00fdm uk\u00e1za\u0165. Boli to ve\u013emi zauj\u00edmav\u00e9 povolania ako urol\u00f3g, gynekol\u00f3g&#8230;, pri ktor\u00fdch sme sa mohli dobre nasmia\u0165. Za v\u0161etko sme boli hodnoten\u00fd bodmi. V \u010fal\u0161ej \u00falohe boli zamestnan\u00ed mu\u017ei-man\u017eelia, ktor\u00ed dostali karti\u010dku s viacer\u00fdmi slovami, na z\u00e1klade ktor\u00fdch si mali vymyslie\u0165 romantick\u00fa b\u00e1sni\u010dku pre svoju man\u017eelku. Mys\u00edm, \u017ee ka\u017ed\u00fd svoj\u00edm origin\u00e1lnym sp\u00f4sobom urobil rados\u0165 svojej polovi\u010dke a ostatn\u00fdch tie\u017e pobavil. Man\u017eelky si mali n\u00e1js\u0165 svojho man\u017eela pod\u013ea bosej nohy. Na\u0161\u0165astie sme sa v\u0161etky trafili.<\/p>\n<p>A ke\u010f\u017ee n\u00e1s to bavilo, tak sme si urobili na plachte mal\u00e9 dierky na na\u0161e u\u0161i, pod\u013ea ktor\u00fdch n\u00e1s op\u00e4\u0165 mali na\u0161i man\u017eelia n\u00e1js\u0165. K \u010fal\u0161ej discipl\u00edne patrilo aj vysvet\u013eovanie pojmov z man\u017eelsk\u00e9ho a rodinn\u00e9ho prostredia tentokr\u00e1t slovne. Na z\u00e1ver sme mali tanec s bal\u00f3nom. Ob\u010derstvenie sme mali tie\u017e ve\u013emi chutn\u00e9, v\u00fdborne nape\u010den\u00e9 dobroty, z ktor\u00fdch bolo niekedy \u0165a\u017ek\u00e9 si vybra\u0165. Po aktivit\u00e1ch det\u00ed a man\u017eelov sme sa stretli a urobili spolo\u010dne obetn\u00fd dar &#8211; na v\u00fdkres, kde u\u017e bolo logo n\u00e1rodn\u00e9ho t\u00fd\u017ed\u0148a a sme ka\u017ed\u00fd odtla\u010dili svoju ruku. Vrcholom n\u00e1\u0161ho stretnutia bola sl\u00e1vnostn\u00e1 sv\u00e4t\u00e1 om\u0161a o 18 hodine. O spev, \u010d\u00edtanie lekci\u00ed, prosieb, obetn\u00e9 dary sa postarali man\u017eelia a deti. Aj hom\u00edlia sa niesla v duchu man\u017eelstva, kde sa n\u00e1m n\u00e1\u0161 k\u0148az prihovoril povzbudiv\u00fdmi slovami. Po k\u00e1zni sme si mohli obnovi\u0165 man\u017eelsk\u00e9 s\u013euby. Na z\u00e1ver sv\u00e4tej om\u0161e bolo aj po\u017eehnanie&nbsp; tehotn\u00fdch mami\u010diek. Po sv\u00e4tej om\u0161i boli v\u0161etci op\u00e4\u0165 pozvan\u00ed do pastora\u010dn\u00e9ho centra, kde sme sa mali e\u0161te pr\u00edle\u017eitos\u0165 porozpr\u00e1va\u0165. Bolo to pr\u00edjemn\u00e9 stretnutie, kde sme sa mohli navz\u00e1jom viac spozna\u0165 ako farnos\u0165, ale aj ako man\u017eelia. \u010eakujeme Bohu, n\u00e1\u0161mu k\u0148azovi Pavlovi Gajdo\u0161ovi a v\u0161etk\u00fdm, ktor\u00ed sa pri\u010dinili na tomto diele. \ud83d\ude42<\/p>\n<p>Pane, pros\u00edme \u0165a za na\u0161e man\u017eelstv\u00e1 i man\u017eelstv\u00e1 na celom svete, po\u017eehnaj ich a ochra\u0148uj, aby boli pevn\u00e9 a prin\u00e1\u0161ali svedectvo o Tebe.\t\t\t\t<\/p>\n","protected":false},"excerpt":{"rendered":"<p>&nbsp; V d\u0148och 11.-17.2.2013 prebiehala celosvetov\u00e1 kampa\u0148, na Slovensku po tret\u00edkr\u00e1t, a u n\u00e1s vo farnosti to bol prv\u00fd ro\u010dn\u00edk. Jej cie\u013eom bolo podpori\u0165 man\u017eelstvo. Tohoto roku sa tento t\u00fd\u017ede\u0148 niesol pod heslom \u201cVernos\u0165 nie je slabos\u0165\u201d.<\/p>\n","protected":false},"author":1,"featured_media":991,"comment_status":"closed","ping_status":"closed","sticky":false,"template":"","format":"standard","meta":{"footnotes":""},"categories":[5],"tags":[24],"class_list":{"0":"entry","1":"post","2":"publish","3":"author-marian-jasenoveceltras-sk","4":"has-excerpt","5":"has-more-link","6":"post-8818","8":"format-standard","9":"has-post-thumbnail","10":"category-aktuality","11":"post_tag-aktuality"},"_links":{"self":[{"href":"https:\/\/www.farakostolna.sk\/index.php?rest_route=\/wp\/v2\/posts\/8818","targetHints":{"allow":["GET"]}}],"collection":[{"href":"https:\/\/www.farakostolna.sk\/index.php?rest_route=\/wp\/v2\/posts"}],"about":[{"href":"https:\/\/www.farakostolna.sk\/index.php?rest_route=\/wp\/v2\/types\/post"}],"author":[{"embeddable":true,"href":"https:\/\/www.farakostolna.sk\/index.php?rest_route=\/wp\/v2\/users\/1"}],"replies":[{"embeddable":true,"href":"https:\/\/www.farakostolna.sk\/index.php?rest_route=%2Fwp%2Fv2%2Fcomments&post=8818"}],"version-history":[{"count":0,"href":"https:\/\/www.farakostolna.sk\/index.php?rest_route=\/wp\/v2\/posts\/8818\/revisions"}],"wp:featuredmedia":[{"embeddable":true,"href":"https:\/\/www.farakostolna.sk\/index.php?rest_route=\/wp\/v2\/media\/991"}],"wp:attachment":[{"href":"https:\/\/www.farakostolna.sk\/index.php?rest_route=%2Fwp%2Fv2%2Fmedia&parent=8818"}],"wp:term":[{"taxonomy":"category","embeddable":true,"href":"https:\/\/www.farakostolna.sk\/index.php?rest_route=%2Fwp%2Fv2%2Fcategories&post=8818"},{"taxonomy":"post_tag","embeddable":true,"href":"https:\/\/www.farakostolna.sk\/index.php?rest_route=%2Fwp%2Fv2%2Ftags&post=8818"}],"curies":[{"name":"wp","href":"https:\/\/api.w.org\/{rel}","templated":true}]}}