{"id":8816,"date":"2012-11-17T13:40:50","date_gmt":"2012-11-17T13:40:50","guid":{"rendered":"http:\/\/blog.eltras.sk\/?p=280"},"modified":"2012-11-17T13:40:50","modified_gmt":"2012-11-17T13:40:50","slug":"put-v-trnave","status":"publish","type":"post","link":"https:\/\/www.farakostolna.sk\/?p=8816","title":{"rendered":"P\u00fa\u0165 v Trnave"},"content":{"rendered":"<div id=\"imCellStyle_144\">\n<div id=\"imTextObject_144\">\n<p><a href=\"http:\/\/blog.eltras.sk\/wp-content\/uploads\/2013\/02\/put_v_trnave.jpg\"><img loading=\"lazy\" decoding=\"async\" class=\"size-medium wp-image-282 alignleft\" alt=\"put_v_trnave\" src=\"http:\/\/blog.eltras.sk\/wp-content\/uploads\/2013\/02\/put_v_trnave-199x300.jpg\" width=\"199\" height=\"300\" \/><\/a><\/p>\n<p><b>P\u00fa\u0165 v Trnave<\/b><br \/>\n<b>17. novembra 2012 <\/b>sme sa pripojili k deviatniku Trnavskej nov\u00e9ny k stovk\u00e1m p\u00fatnikov, ktor\u00ed pri\u0161li do chr\u00e1mu sv\u00e4t\u00e9ho Mikul\u00e1\u0161a. <!--more-->Tentoraz sv\u00e4t\u00fa om\u0161u celebroval J. Em. P\u00e9ter kardin\u00e1l Erd\u0151, arcibiskup ostrihomsko-<wbr \/>budape\u0161tiansky.<\/p>\n<p><a title=\"foto:dr\" href=\"https:\/\/picasaweb.google.com\/116452041008470663687\/PutVTrnave\" target=\"_blank\" rel=\"noopener noreferrer\"> <b><i>foto:<\/i><\/b><\/a><\/p>\n<\/div>\n<\/div>\n","protected":false},"excerpt":{"rendered":"<p>P\u00fa\u0165 v Trnave 17. novembra 2012 sme sa pripojili k deviatniku Trnavskej nov\u00e9ny k stovk\u00e1m p\u00fatnikov, ktor\u00ed pri\u0161li do chr\u00e1mu sv\u00e4t\u00e9ho Mikul\u00e1\u0161a.<\/p>\n","protected":false},"author":1,"featured_media":281,"comment_status":"closed","ping_status":"closed","sticky":false,"template":"","format":"standard","meta":{"footnotes":""},"categories":[5],"tags":[24],"class_list":{"0":"entry","1":"post","2":"publish","3":"author-marian-jasenoveceltras-sk","4":"has-excerpt","5":"has-more-link","6":"post-8816","8":"format-standard","9":"has-post-thumbnail","10":"category-aktuality","11":"post_tag-aktuality"},"_links":{"self":[{"href":"https:\/\/www.farakostolna.sk\/index.php?rest_route=\/wp\/v2\/posts\/8816","targetHints":{"allow":["GET"]}}],"collection":[{"href":"https:\/\/www.farakostolna.sk\/index.php?rest_route=\/wp\/v2\/posts"}],"about":[{"href":"https:\/\/www.farakostolna.sk\/index.php?rest_route=\/wp\/v2\/types\/post"}],"author":[{"embeddable":true,"href":"https:\/\/www.farakostolna.sk\/index.php?rest_route=\/wp\/v2\/users\/1"}],"replies":[{"embeddable":true,"href":"https:\/\/www.farakostolna.sk\/index.php?rest_route=%2Fwp%2Fv2%2Fcomments&post=8816"}],"version-history":[{"count":0,"href":"https:\/\/www.farakostolna.sk\/index.php?rest_route=\/wp\/v2\/posts\/8816\/revisions"}],"wp:featuredmedia":[{"embeddable":true,"href":"https:\/\/www.farakostolna.sk\/index.php?rest_route=\/wp\/v2\/media\/281"}],"wp:attachment":[{"href":"https:\/\/www.farakostolna.sk\/index.php?rest_route=%2Fwp%2Fv2%2Fmedia&parent=8816"}],"wp:term":[{"taxonomy":"category","embeddable":true,"href":"https:\/\/www.farakostolna.sk\/index.php?rest_route=%2Fwp%2Fv2%2Fcategories&post=8816"},{"taxonomy":"post_tag","embeddable":true,"href":"https:\/\/www.farakostolna.sk\/index.php?rest_route=%2Fwp%2Fv2%2Ftags&post=8816"}],"curies":[{"name":"wp","href":"https:\/\/api.w.org\/{rel}","templated":true}]}}