{"id":8813,"date":"2012-02-12T15:19:53","date_gmt":"2012-02-12T15:19:53","guid":{"rendered":"http:\/\/blog.eltras.sk\/?p=451"},"modified":"2012-02-12T15:19:53","modified_gmt":"2012-02-12T15:19:53","slug":"skautsky-fasiangovy-karneval","status":"publish","type":"post","link":"https:\/\/www.farakostolna.sk\/?p=8813","title":{"rendered":"Skautsk\u00fd fa\u0161iangov\u00fd karneval"},"content":{"rendered":"<p>\t\t\t\t<b><a href=\"http:\/\/blog.eltras.sk\/wp-content\/uploads\/2013\/02\/IMG_0931.jpg\"><img loading=\"lazy\" decoding=\"async\" class=\"size-thumbnail wp-image-452 alignleft\" alt=\"IMG_0931\" src=\"http:\/\/blog.eltras.sk\/wp-content\/uploads\/2013\/02\/IMG_0931-150x150.jpg\" width=\"150\" height=\"150\" \/><\/a>12. febru\u00e1ra 2012 <\/b>v nede\u013en\u00e9 poobedie sa konal pod farou skautsk\u00fd fa\u0161iangov\u00fd karneval, nielen pre na\u0161ich najmen\u0161\u00edch. Viac ne\u017e 60 \u00fa\u010dastn\u00edkov ka\u017ed\u00e9ho veku na\u0161lo svoje miesto v na\u0161om \u00fatulnom a ve\u013emi pr\u00edjemnom prostred\u00ed pastora\u010dn\u00e9ho centra&#8230; <a title=\"foto:\" href=\"https:\/\/picasaweb.google.com\/116452041008470663687\/SkautskyFasiangovyKarneval\" target=\"_blank\" rel=\"noopener noreferrer\">foto:<\/a>\t\t\t\t<\/p>\n","protected":false},"excerpt":{"rendered":"<p>12. febru\u00e1ra 2012 v nede\u013en\u00e9 poobedie sa konal pod farou skautsk\u00fd fa\u0161iangov\u00fd karneval, nielen pre na\u0161ich najmen\u0161\u00edch. Viac ne\u017e 60 \u00fa\u010dastn\u00edkov ka\u017ed\u00e9ho veku na\u0161lo svoje miesto v na\u0161om \u00fatulnom a ve\u013emi pr\u00edjemnom prostred\u00ed pastora\u010dn\u00e9ho centra&#8230; foto:<\/p>\n","protected":false},"author":1,"featured_media":0,"comment_status":"closed","ping_status":"closed","sticky":false,"template":"","format":"standard","meta":{"footnotes":""},"categories":[5],"tags":[24],"class_list":{"0":"entry","1":"post","2":"publish","3":"author-marian-jasenoveceltras-sk","4":"has-excerpt","5":"post-8813","7":"format-standard","8":"category-aktuality","9":"post_tag-aktuality"},"_links":{"self":[{"href":"https:\/\/www.farakostolna.sk\/index.php?rest_route=\/wp\/v2\/posts\/8813","targetHints":{"allow":["GET"]}}],"collection":[{"href":"https:\/\/www.farakostolna.sk\/index.php?rest_route=\/wp\/v2\/posts"}],"about":[{"href":"https:\/\/www.farakostolna.sk\/index.php?rest_route=\/wp\/v2\/types\/post"}],"author":[{"embeddable":true,"href":"https:\/\/www.farakostolna.sk\/index.php?rest_route=\/wp\/v2\/users\/1"}],"replies":[{"embeddable":true,"href":"https:\/\/www.farakostolna.sk\/index.php?rest_route=%2Fwp%2Fv2%2Fcomments&post=8813"}],"version-history":[{"count":0,"href":"https:\/\/www.farakostolna.sk\/index.php?rest_route=\/wp\/v2\/posts\/8813\/revisions"}],"wp:attachment":[{"href":"https:\/\/www.farakostolna.sk\/index.php?rest_route=%2Fwp%2Fv2%2Fmedia&parent=8813"}],"wp:term":[{"taxonomy":"category","embeddable":true,"href":"https:\/\/www.farakostolna.sk\/index.php?rest_route=%2Fwp%2Fv2%2Fcategories&post=8813"},{"taxonomy":"post_tag","embeddable":true,"href":"https:\/\/www.farakostolna.sk\/index.php?rest_route=%2Fwp%2Fv2%2Ftags&post=8813"}],"curies":[{"name":"wp","href":"https:\/\/api.w.org\/{rel}","templated":true}]}}