{"id":8812,"date":"2012-04-22T15:16:38","date_gmt":"2012-04-22T15:16:38","guid":{"rendered":"http:\/\/blog.eltras.sk\/?p=446"},"modified":"2012-04-22T15:16:38","modified_gmt":"2012-04-22T15:16:38","slug":"arcibiskup-v-nasej-farnosti","status":"publish","type":"post","link":"https:\/\/www.farakostolna.sk\/?p=8812","title":{"rendered":"Arcibiskup v na\u0161ej farnosti"},"content":{"rendered":"<p>\t\t\t\t<b><a href=\"http:\/\/blog.eltras.sk\/wp-content\/uploads\/2013\/02\/105.jpg\"><img loading=\"lazy\" decoding=\"async\" class=\"size-thumbnail wp-image-447 alignleft\" alt=\"105\" src=\"http:\/\/blog.eltras.sk\/wp-content\/uploads\/2013\/02\/105-150x150.jpg\" width=\"150\" height=\"150\" \/><\/a>22<\/b><b>. apr\u00edla 2012<\/b> pri\u0161iel do na\u0161ej farnosti Mons. Stanislav Zvolensk\u00fd, arcibiskup-<wbr \/>metrolita, aby pobirmoval 42 mlad\u00fdch kres\u0165anov. Po sv. om\u0161i po\u017eehnal priestory \u201ePastora\u010dn\u00e9ho centra gr\u00f3fa P\u00e1lffyho\u201c, kde sa konala aj mal\u00e1 recepcia. To \u017ee to nebola hocijak\u00e1 oslava dokazuje fotoreport\u00e1\u017e. Pos\u00fa\u010fte sami&#8230; <a title=\"foto:\" href=\"https:\/\/picasaweb.google.com\/116452041008470663687\/ArcibiskupVNasejFarnosti\" target=\"_blank\" rel=\"noopener noreferrer\">foto:<\/a>\t\t\t\t<\/p>\n","protected":false},"excerpt":{"rendered":"<p>22. apr\u00edla 2012 pri\u0161iel do na\u0161ej farnosti Mons. Stanislav Zvolensk\u00fd, arcibiskup-metrolita, aby pobirmoval 42 mlad\u00fdch kres\u0165anov. Po sv. om\u0161i po\u017eehnal priestory \u201ePastora\u010dn\u00e9ho centra gr\u00f3fa P\u00e1lffyho\u201c, kde sa konala aj mal\u00e1 recepcia. To \u017ee to nebola hocijak\u00e1 oslava dokazuje fotoreport\u00e1\u017e. Pos\u00fa\u010fte sami&#8230; foto:<\/p>\n","protected":false},"author":1,"featured_media":727,"comment_status":"closed","ping_status":"closed","sticky":false,"template":"","format":"standard","meta":{"footnotes":""},"categories":[5],"tags":[24],"class_list":{"0":"entry","1":"post","2":"publish","3":"author-marian-jasenoveceltras-sk","4":"has-excerpt","5":"post-8812","7":"format-standard","8":"has-post-thumbnail","9":"category-aktuality","10":"post_tag-aktuality"},"_links":{"self":[{"href":"https:\/\/www.farakostolna.sk\/index.php?rest_route=\/wp\/v2\/posts\/8812","targetHints":{"allow":["GET"]}}],"collection":[{"href":"https:\/\/www.farakostolna.sk\/index.php?rest_route=\/wp\/v2\/posts"}],"about":[{"href":"https:\/\/www.farakostolna.sk\/index.php?rest_route=\/wp\/v2\/types\/post"}],"author":[{"embeddable":true,"href":"https:\/\/www.farakostolna.sk\/index.php?rest_route=\/wp\/v2\/users\/1"}],"replies":[{"embeddable":true,"href":"https:\/\/www.farakostolna.sk\/index.php?rest_route=%2Fwp%2Fv2%2Fcomments&post=8812"}],"version-history":[{"count":0,"href":"https:\/\/www.farakostolna.sk\/index.php?rest_route=\/wp\/v2\/posts\/8812\/revisions"}],"wp:featuredmedia":[{"embeddable":true,"href":"https:\/\/www.farakostolna.sk\/index.php?rest_route=\/wp\/v2\/media\/727"}],"wp:attachment":[{"href":"https:\/\/www.farakostolna.sk\/index.php?rest_route=%2Fwp%2Fv2%2Fmedia&parent=8812"}],"wp:term":[{"taxonomy":"category","embeddable":true,"href":"https:\/\/www.farakostolna.sk\/index.php?rest_route=%2Fwp%2Fv2%2Fcategories&post=8812"},{"taxonomy":"post_tag","embeddable":true,"href":"https:\/\/www.farakostolna.sk\/index.php?rest_route=%2Fwp%2Fv2%2Ftags&post=8812"}],"curies":[{"name":"wp","href":"https:\/\/api.w.org\/{rel}","templated":true}]}}