{"id":8806,"date":"2012-06-30T14:24:27","date_gmt":"2012-06-30T14:24:27","guid":{"rendered":"http:\/\/blog.eltras.sk\/?p=396"},"modified":"2012-06-30T14:24:27","modified_gmt":"2012-06-30T14:24:27","slug":"farsky-splav-2012","status":"publish","type":"post","link":"https:\/\/www.farakostolna.sk\/?p=8806","title":{"rendered":"Farsk\u00fd splav 2012"},"content":{"rendered":"<p>\t\t\t\t<a href=\"http:\/\/blog.eltras.sk\/wp-content\/uploads\/2013\/02\/DSC04690.jpg\"><img loading=\"lazy\" decoding=\"async\" class=\"size-thumbnail wp-image-397 alignleft\" alt=\"DSC04690\" src=\"http:\/\/blog.eltras.sk\/wp-content\/uploads\/2013\/02\/DSC04690-150x150.jpg\" width=\"150\" height=\"150\" \/><\/a><br \/>\n<b>30. j\u00fan 2012<\/b> bol d\u00e1tum, kedy sme si po roku op\u00e4\u0165 nedali ujs\u0165 splavovanie rieky Mal\u00e9ho Dunaja, ktor\u00e1 obm\u00fdva hranice na\u0161ej farnosti. Pri 38 \u02daC teplote vzduchu bola voda pr\u00edjemn\u00fdm schladen\u00edm&#8230;<a title=\"foto:i\u0161\" href=\"https:\/\/picasaweb.google.com\/116452041008470663687\/FarskySplav2012\" target=\"_blank\" rel=\"noopener noreferrer\">foto:<\/a>\t\t\t\t<\/p>\n","protected":false},"excerpt":{"rendered":"<p>30. j\u00fan 2012 bol d\u00e1tum, kedy sme si po roku op\u00e4\u0165 nedali ujs\u0165 splavovanie rieky Mal\u00e9ho Dunaja, ktor\u00e1 obm\u00fdva hranice na\u0161ej farnosti. Pri 38 \u02daC teplote vzduchu bola voda pr\u00edjemn\u00fdm schladen\u00edm&#8230;foto:<\/p>\n","protected":false},"author":1,"featured_media":741,"comment_status":"closed","ping_status":"closed","sticky":false,"template":"","format":"standard","meta":{"footnotes":""},"categories":[5],"tags":[24],"class_list":{"0":"entry","1":"post","2":"publish","3":"author-marian-jasenoveceltras-sk","4":"has-excerpt","5":"post-8806","7":"format-standard","8":"has-post-thumbnail","9":"category-aktuality","10":"post_tag-aktuality"},"_links":{"self":[{"href":"https:\/\/www.farakostolna.sk\/index.php?rest_route=\/wp\/v2\/posts\/8806","targetHints":{"allow":["GET"]}}],"collection":[{"href":"https:\/\/www.farakostolna.sk\/index.php?rest_route=\/wp\/v2\/posts"}],"about":[{"href":"https:\/\/www.farakostolna.sk\/index.php?rest_route=\/wp\/v2\/types\/post"}],"author":[{"embeddable":true,"href":"https:\/\/www.farakostolna.sk\/index.php?rest_route=\/wp\/v2\/users\/1"}],"replies":[{"embeddable":true,"href":"https:\/\/www.farakostolna.sk\/index.php?rest_route=%2Fwp%2Fv2%2Fcomments&post=8806"}],"version-history":[{"count":0,"href":"https:\/\/www.farakostolna.sk\/index.php?rest_route=\/wp\/v2\/posts\/8806\/revisions"}],"wp:featuredmedia":[{"embeddable":true,"href":"https:\/\/www.farakostolna.sk\/index.php?rest_route=\/wp\/v2\/media\/741"}],"wp:attachment":[{"href":"https:\/\/www.farakostolna.sk\/index.php?rest_route=%2Fwp%2Fv2%2Fmedia&parent=8806"}],"wp:term":[{"taxonomy":"category","embeddable":true,"href":"https:\/\/www.farakostolna.sk\/index.php?rest_route=%2Fwp%2Fv2%2Fcategories&post=8806"},{"taxonomy":"post_tag","embeddable":true,"href":"https:\/\/www.farakostolna.sk\/index.php?rest_route=%2Fwp%2Fv2%2Ftags&post=8806"}],"curies":[{"name":"wp","href":"https:\/\/api.w.org\/{rel}","templated":true}]}}