{"id":8803,"date":"2012-08-08T10:16:48","date_gmt":"2012-08-08T10:16:48","guid":{"rendered":"http:\/\/blog.eltras.sk\/?p=372"},"modified":"2012-08-08T10:16:48","modified_gmt":"2012-08-08T10:16:48","slug":"skautsky-tabor-pre-najmensich","status":"publish","type":"post","link":"https:\/\/www.farakostolna.sk\/?p=8803","title":{"rendered":"Skautsk\u00fd t\u00e1bor pre najmen\u0161\u00edch"},"content":{"rendered":"<p>\t\t\t\t<b><a href=\"http:\/\/blog.eltras.sk\/wp-content\/uploads\/2013\/02\/DSC7572.jpg\"><img loading=\"lazy\" decoding=\"async\" class=\"size-thumbnail wp-image-373 alignleft\" alt=\"SONY DSC\" src=\"http:\/\/blog.eltras.sk\/wp-content\/uploads\/2013\/02\/DSC7572-150x150.jpg\" width=\"150\" height=\"150\"><\/a>Od 3. do 7. augusta 2012<\/b> miestny skautsk\u00fd zbor sv. Imricha zorganizoval ozajstn\u00fd stanov\u00fd t\u00e1bor pre najmen\u0161ie deti z farnosti. Samozrejme \u017ee nech\u00fdbala ani miestna ml\u00e1de\u017e. Kopec hier, z\u00e1bavy, ale i \u0161kola \u017eivota, duchovn\u00fd program&#8230; <a title=\"foto:i\u0161\" href=\"https:\/\/picasaweb.google.com\/116452041008470663687\/SkautskyTaborPreNajmensich\" target=\"_blank\" rel=\"noopener noreferrer\">foto:<\/a>\t\t\t\t<\/p>\n","protected":false},"excerpt":{"rendered":"<p>Od 3. do 7. augusta 2012 miestny skautsk\u00fd zbor sv. Imricha zorganizoval ozajstn\u00fd stanov\u00fd t\u00e1bor pre najmen\u0161ie deti z farnosti. Samozrejme \u017ee nech\u00fdbala ani miestna ml\u00e1de\u017e. Kopec hier, z\u00e1bavy, ale i \u0161kola \u017eivota, duchovn\u00fd program&#8230; foto:<\/p>\n","protected":false},"author":1,"featured_media":756,"comment_status":"closed","ping_status":"closed","sticky":false,"template":"","format":"standard","meta":{"footnotes":""},"categories":[5],"tags":[24],"class_list":{"0":"entry","1":"post","2":"publish","3":"author-marian-jasenoveceltras-sk","4":"has-excerpt","5":"post-8803","7":"format-standard","8":"has-post-thumbnail","9":"category-aktuality","10":"post_tag-aktuality"},"_links":{"self":[{"href":"https:\/\/www.farakostolna.sk\/index.php?rest_route=\/wp\/v2\/posts\/8803","targetHints":{"allow":["GET"]}}],"collection":[{"href":"https:\/\/www.farakostolna.sk\/index.php?rest_route=\/wp\/v2\/posts"}],"about":[{"href":"https:\/\/www.farakostolna.sk\/index.php?rest_route=\/wp\/v2\/types\/post"}],"author":[{"embeddable":true,"href":"https:\/\/www.farakostolna.sk\/index.php?rest_route=\/wp\/v2\/users\/1"}],"replies":[{"embeddable":true,"href":"https:\/\/www.farakostolna.sk\/index.php?rest_route=%2Fwp%2Fv2%2Fcomments&post=8803"}],"version-history":[{"count":0,"href":"https:\/\/www.farakostolna.sk\/index.php?rest_route=\/wp\/v2\/posts\/8803\/revisions"}],"wp:featuredmedia":[{"embeddable":true,"href":"https:\/\/www.farakostolna.sk\/index.php?rest_route=\/wp\/v2\/media\/756"}],"wp:attachment":[{"href":"https:\/\/www.farakostolna.sk\/index.php?rest_route=%2Fwp%2Fv2%2Fmedia&parent=8803"}],"wp:term":[{"taxonomy":"category","embeddable":true,"href":"https:\/\/www.farakostolna.sk\/index.php?rest_route=%2Fwp%2Fv2%2Fcategories&post=8803"},{"taxonomy":"post_tag","embeddable":true,"href":"https:\/\/www.farakostolna.sk\/index.php?rest_route=%2Fwp%2Fv2%2Ftags&post=8803"}],"curies":[{"name":"wp","href":"https:\/\/api.w.org\/{rel}","templated":true}]}}