{"id":8802,"date":"2012-08-18T09:39:29","date_gmt":"2012-08-18T09:39:29","guid":{"rendered":"http:\/\/blog.eltras.sk\/?p=366"},"modified":"2012-08-18T09:39:29","modified_gmt":"2012-08-18T09:39:29","slug":"den-obce-v-kostolnej","status":"publish","type":"post","link":"https:\/\/www.farakostolna.sk\/?p=8802","title":{"rendered":"De\u0148 obce v Kostolnej"},"content":{"rendered":"<p style=\"text-align: left;\"><a href=\"http:\/\/blog.eltras.sk\/wp-content\/uploads\/2013\/02\/DSC8256.jpg\"><img loading=\"lazy\" decoding=\"async\" class=\"size-thumbnail wp-image-368\" alt=\"SONY DSC\" src=\"http:\/\/blog.eltras.sk\/wp-content\/uploads\/2013\/02\/DSC8256-150x150.jpg\" width=\"150\" height=\"150\"><\/a><b><\/b><\/p>\n<p style=\"text-align: left;\"><b>18. augusta 2012<\/b> sme oslavovali 680. v\u00fdro\u010die prvej p\u00edsomnej zmienky o na\u0161ej obci. Sl\u00e1vnos\u0165 d\u0148a obce za\u010dala sv. om\u0161ou a pokra\u010dovala do neskor\u00fdch hod\u00edn bohat\u00fdm programom. <a title=\"foto:i\u0161\" href=\"https:\/\/picasaweb.google.com\/116452041008470663687\/DenObceVKostolnejPriDunaji\" target=\"_blank\" rel=\"noopener noreferrer\">foto:<\/a><\/p>\n","protected":false},"excerpt":{"rendered":"<p>18. augusta 2012 sme oslavovali 680. v\u00fdro\u010die prvej p\u00edsomnej zmienky o na\u0161ej obci. Sl\u00e1vnos\u0165 d\u0148a obce za\u010dala sv. om\u0161ou a pokra\u010dovala do neskor\u00fdch hod\u00edn bohat\u00fdm programom. foto:<\/p>\n","protected":false},"author":1,"featured_media":758,"comment_status":"closed","ping_status":"closed","sticky":false,"template":"","format":"standard","meta":{"footnotes":""},"categories":[5],"tags":[24],"class_list":{"0":"entry","1":"post","2":"publish","3":"author-marian-jasenoveceltras-sk","4":"has-excerpt","5":"post-8802","7":"format-standard","8":"has-post-thumbnail","9":"category-aktuality","10":"post_tag-aktuality"},"_links":{"self":[{"href":"https:\/\/www.farakostolna.sk\/index.php?rest_route=\/wp\/v2\/posts\/8802","targetHints":{"allow":["GET"]}}],"collection":[{"href":"https:\/\/www.farakostolna.sk\/index.php?rest_route=\/wp\/v2\/posts"}],"about":[{"href":"https:\/\/www.farakostolna.sk\/index.php?rest_route=\/wp\/v2\/types\/post"}],"author":[{"embeddable":true,"href":"https:\/\/www.farakostolna.sk\/index.php?rest_route=\/wp\/v2\/users\/1"}],"replies":[{"embeddable":true,"href":"https:\/\/www.farakostolna.sk\/index.php?rest_route=%2Fwp%2Fv2%2Fcomments&post=8802"}],"version-history":[{"count":0,"href":"https:\/\/www.farakostolna.sk\/index.php?rest_route=\/wp\/v2\/posts\/8802\/revisions"}],"wp:featuredmedia":[{"embeddable":true,"href":"https:\/\/www.farakostolna.sk\/index.php?rest_route=\/wp\/v2\/media\/758"}],"wp:attachment":[{"href":"https:\/\/www.farakostolna.sk\/index.php?rest_route=%2Fwp%2Fv2%2Fmedia&parent=8802"}],"wp:term":[{"taxonomy":"category","embeddable":true,"href":"https:\/\/www.farakostolna.sk\/index.php?rest_route=%2Fwp%2Fv2%2Fcategories&post=8802"},{"taxonomy":"post_tag","embeddable":true,"href":"https:\/\/www.farakostolna.sk\/index.php?rest_route=%2Fwp%2Fv2%2Ftags&post=8802"}],"curies":[{"name":"wp","href":"https:\/\/api.w.org\/{rel}","templated":true}]}}