{"id":8801,"date":"2012-09-08T09:36:17","date_gmt":"2012-09-08T09:36:17","guid":{"rendered":"http:\/\/blog.eltras.sk\/?p=361"},"modified":"2012-09-08T09:36:17","modified_gmt":"2012-09-08T09:36:17","slug":"put-v-baci","status":"publish","type":"post","link":"https:\/\/www.farakostolna.sk\/?p=8801","title":{"rendered":"P\u00fa\u0165 v B\u00e1\u010di"},"content":{"rendered":"<p>\t\t\t\t<a href=\"http:\/\/blog.eltras.sk\/wp-content\/uploads\/2013\/02\/DurayRezso019.jpg\"><img loading=\"lazy\" decoding=\"async\" class=\"size-thumbnail wp-image-363 alignleft\" alt=\"DurayRezso019\" src=\"http:\/\/blog.eltras.sk\/wp-content\/uploads\/2013\/02\/DurayRezso019-150x150.jpg\" width=\"150\" height=\"150\" \/><\/a>P\u00fa\u0165 v B\u00e1\u010di 8. septembra 2012 sme op\u00e4\u0165 nech\u00fdbali v B\u00e1\u010di (Szentantal) na najv\u00e4\u010d\u0161om p\u00fatnickom mieste na \u017ditnom ostrove. Hlavn\u00fdm celebrantom bol Dr. Ferenc Cserh\u00e1ti, ostrihomsko-budape\u0161tiansky pomocn\u00fd biskup poveren\u00fd pastor\u00e1ciou zahrani\u010dn\u00fdch Ma\u010farov.<br \/>\n<a title=\"foto:dr\" href=\"https:\/\/picasaweb.google.com\/116452041008470663687\/PutVBaci\" target=\"_blank\" rel=\"noopener noreferrer\">foto:<\/a>\t\t\t\t<\/p>\n","protected":false},"excerpt":{"rendered":"<p>P\u00fa\u0165 v B\u00e1\u010di 8. septembra 2012 sme op\u00e4\u0165 nech\u00fdbali v B\u00e1\u010di (Szentantal) na najv\u00e4\u010d\u0161om p\u00fatnickom mieste na \u017ditnom ostrove. Hlavn\u00fdm celebrantom bol Dr. Ferenc Cserh\u00e1ti, ostrihomsko-budape\u0161tiansky pomocn\u00fd biskup poveren\u00fd pastor\u00e1ciou zahrani\u010dn\u00fdch Ma\u010farov. foto:<\/p>\n","protected":false},"author":1,"featured_media":362,"comment_status":"closed","ping_status":"closed","sticky":false,"template":"","format":"standard","meta":{"footnotes":""},"categories":[5],"tags":[24],"class_list":{"0":"entry","1":"post","2":"publish","3":"author-marian-jasenoveceltras-sk","4":"has-excerpt","5":"post-8801","7":"format-standard","8":"has-post-thumbnail","9":"category-aktuality","10":"post_tag-aktuality"},"_links":{"self":[{"href":"https:\/\/www.farakostolna.sk\/index.php?rest_route=\/wp\/v2\/posts\/8801","targetHints":{"allow":["GET"]}}],"collection":[{"href":"https:\/\/www.farakostolna.sk\/index.php?rest_route=\/wp\/v2\/posts"}],"about":[{"href":"https:\/\/www.farakostolna.sk\/index.php?rest_route=\/wp\/v2\/types\/post"}],"author":[{"embeddable":true,"href":"https:\/\/www.farakostolna.sk\/index.php?rest_route=\/wp\/v2\/users\/1"}],"replies":[{"embeddable":true,"href":"https:\/\/www.farakostolna.sk\/index.php?rest_route=%2Fwp%2Fv2%2Fcomments&post=8801"}],"version-history":[{"count":0,"href":"https:\/\/www.farakostolna.sk\/index.php?rest_route=\/wp\/v2\/posts\/8801\/revisions"}],"wp:featuredmedia":[{"embeddable":true,"href":"https:\/\/www.farakostolna.sk\/index.php?rest_route=\/wp\/v2\/media\/362"}],"wp:attachment":[{"href":"https:\/\/www.farakostolna.sk\/index.php?rest_route=%2Fwp%2Fv2%2Fmedia&parent=8801"}],"wp:term":[{"taxonomy":"category","embeddable":true,"href":"https:\/\/www.farakostolna.sk\/index.php?rest_route=%2Fwp%2Fv2%2Fcategories&post=8801"},{"taxonomy":"post_tag","embeddable":true,"href":"https:\/\/www.farakostolna.sk\/index.php?rest_route=%2Fwp%2Fv2%2Ftags&post=8801"}],"curies":[{"name":"wp","href":"https:\/\/api.w.org\/{rel}","templated":true}]}}