{"id":8795,"date":"2012-10-28T16:15:42","date_gmt":"2012-10-28T16:15:42","guid":{"rendered":"http:\/\/blog.eltras.sk\/?p=323"},"modified":"2012-10-28T16:15:42","modified_gmt":"2012-10-28T16:15:42","slug":"koncert-slacikoveho-orchestra-harmonia","status":"publish","type":"post","link":"https:\/\/www.farakostolna.sk\/?p=8795","title":{"rendered":"Koncert sl\u00e1\u010dikov\u00e9ho orchestra Harm\u00f3nia"},"content":{"rendered":"<div id=\"imCellStyle_135\">\n<div id=\"imTextObject_135\">\n<p><a href=\"http:\/\/blog.eltras.sk\/wp-content\/uploads\/2013\/02\/DSC0758.jpg\"><img loading=\"lazy\" decoding=\"async\" class=\"size-medium wp-image-324 alignleft\" alt=\"SONY DSC\" src=\"http:\/\/blog.eltras.sk\/wp-content\/uploads\/2013\/02\/DSC0758-300x168.jpg\" width=\"300\" height=\"168\"><\/a><br \/>\n<b>28. okt\u00f3bra 2012 <\/b>sme sa v na\u0161om farskom chr\u00e1me zapo\u010d\u00favali do n\u00e1dhern\u00fdch skladieb od J. S. Bacha, H. Purcella, A. Vivaldiho <!--more-->a \u010fal\u0161\u00edch v podan\u00ed sl\u00e1\u010dikov\u00e9ho orchestra mlad\u00fdch s n\u00e1zvom Harm\u00f3nia, ktor\u00fd pod veden\u00edm zakladaj\u00facej dirigentky PhDr. O\u013egy Podstavkovej vystupuje u\u017e 32 rokov&#8230;<\/p>\n<p><a title=\"foto:i\u0161\" href=\"https:\/\/picasaweb.google.com\/116452041008470663687\/KoncertSlacikovehoOrchestraHarmonia\" target=\"_blank\" rel=\"noopener noreferrer\">foto:<\/a><b><i><\/i><\/b><\/p>\n<\/div>\n<\/div>\n","protected":false},"excerpt":{"rendered":"<p>28. okt\u00f3bra 2012 sme sa v na\u0161om farskom chr\u00e1me zapo\u010d\u00favali do n\u00e1dhern\u00fdch skladieb od J. S. Bacha, H. Purcella, A. Vivaldiho<\/p>\n","protected":false},"author":1,"featured_media":324,"comment_status":"closed","ping_status":"closed","sticky":false,"template":"","format":"standard","meta":{"footnotes":""},"categories":[5],"tags":[24],"class_list":{"0":"entry","1":"post","2":"publish","3":"author-marian-jasenoveceltras-sk","4":"has-excerpt","5":"has-more-link","6":"post-8795","8":"format-standard","9":"has-post-thumbnail","10":"category-aktuality","11":"post_tag-aktuality"},"_links":{"self":[{"href":"https:\/\/www.farakostolna.sk\/index.php?rest_route=\/wp\/v2\/posts\/8795","targetHints":{"allow":["GET"]}}],"collection":[{"href":"https:\/\/www.farakostolna.sk\/index.php?rest_route=\/wp\/v2\/posts"}],"about":[{"href":"https:\/\/www.farakostolna.sk\/index.php?rest_route=\/wp\/v2\/types\/post"}],"author":[{"embeddable":true,"href":"https:\/\/www.farakostolna.sk\/index.php?rest_route=\/wp\/v2\/users\/1"}],"replies":[{"embeddable":true,"href":"https:\/\/www.farakostolna.sk\/index.php?rest_route=%2Fwp%2Fv2%2Fcomments&post=8795"}],"version-history":[{"count":0,"href":"https:\/\/www.farakostolna.sk\/index.php?rest_route=\/wp\/v2\/posts\/8795\/revisions"}],"wp:featuredmedia":[{"embeddable":true,"href":"https:\/\/www.farakostolna.sk\/index.php?rest_route=\/wp\/v2\/media\/324"}],"wp:attachment":[{"href":"https:\/\/www.farakostolna.sk\/index.php?rest_route=%2Fwp%2Fv2%2Fmedia&parent=8795"}],"wp:term":[{"taxonomy":"category","embeddable":true,"href":"https:\/\/www.farakostolna.sk\/index.php?rest_route=%2Fwp%2Fv2%2Fcategories&post=8795"},{"taxonomy":"post_tag","embeddable":true,"href":"https:\/\/www.farakostolna.sk\/index.php?rest_route=%2Fwp%2Fv2%2Ftags&post=8795"}],"curies":[{"name":"wp","href":"https:\/\/api.w.org\/{rel}","templated":true}]}}